{"id":138565,"date":"2025-07-22T23:35:10","date_gmt":"2025-07-23T02:35:10","guid":{"rendered":"https:\/\/gysfm.com.ar\/inicio\/ozzy-osbourne-y-el-dia-que-intento-estrangular-a-su-esposa-que-demonios-hice-ahora\/"},"modified":"2025-07-22T23:35:10","modified_gmt":"2025-07-23T02:35:10","slug":"ozzy-osbourne-y-el-dia-que-intento-estrangular-a-su-esposa-que-demonios-hice-ahora","status":"publish","type":"post","link":"https:\/\/gysfm.com.ar\/inicio\/ozzy-osbourne-y-el-dia-que-intento-estrangular-a-su-esposa-que-demonios-hice-ahora\/","title":{"rendered":"Ozzy Osbourne y el d\u00eda que intent\u00f3 estrangular a su esposa: \u201c\u00bfQu\u00e9 demonios hice ahora?\u201d"},"content":{"rendered":"<p><\/p>\n<div id=\"article-content\">\n<p><a target=\"_blank\" href=\"https:\/\/www.perfil.com\/noticias\/protagonistas\/sexo-muchas-drogas-y-rock-and-roll-hasta-la-muerte-la-alocada-vida-de-ozzy-osbourne-y-el-legado-que-le-deja-a-la-musica.phtml\"><strong>Ozzy Osbourne<\/strong><\/a>, referente absoluto del heavy metal, <strong>muri\u00f3 este martes a los 76 a\u00f1os<\/strong>. Desde su Inglaterra natal, forj\u00f3 una carrera tan influyente como ca\u00f3tica. Pero entre todas las historias oscuras que marcaron su vida, una sobresale por su brutalidad: el d\u00eda que <strong>intent\u00f3 asesinar a su esposa, Sharon Osbourne.<\/strong><\/p>\n<p>Ocurri\u00f3 en <strong>1989, en plena<\/strong> <strong>espiral de adicciones.<\/strong> Ozzy, completamente ebrio, la atac\u00f3 en su casa tras volver de una cena. \u201cEstaba en ropa interior, pens\u00e9 que estaba listo para ir a la cama. Pero me dijo:<strong> \u2018Tomamos una decisi\u00f3n: tienes que morir\u2019<\/strong>\u201d, record\u00f3 Sharon.<\/p>\n<p>En segundos, el m\u00fasico se abalanz\u00f3 sobre ella y <strong>comenz\u00f3 a estrangularla. \u201cEstuvo bastante malditamente cerca de lograrlo\u201d<\/strong>, confes\u00f3 en una entrevista a\u00f1os m\u00e1s tarde, a\u00fan ella a su lado.<\/p>\n<div class=\"subscription\">\n<p>\n        Esto no les gusta a los autoritarios\n    <\/p>\n<div class=\"subscription__container\">\n<div class=\"subscription__text-wrapper\">\n<p>\n                El ejercicio del periodismo profesional y cr\u00edtico es un pilar fundamental de la democracia. Por eso molesta a quienes creen ser los due\u00f1os de la verdad.\n            <\/p>\n<\/p><\/div><\/div>\n<\/div>\n<p class=\"destacadoNota\"><a target=\"_blank\" href=\"https:\/\/www.perfil.com\/noticias\/sociedad\/murio-ozzy-osbourne-simbolo-del-heavy-metal-e-historico-lider-de-black-sabbath.phtml\">Muri\u00f3 Ozzy Osbourne, s\u00edmbolo del heavy metal e hist\u00f3rico l\u00edder de Black Sabbath<\/a><\/p>\n<p>Fue el propio Ozzy quien lo revel\u00f3 en el programa <em>60 Minutos<strong> <\/strong><\/em>(Australia), en 2010, acompa\u00f1ado por Sharon. <strong>\u201cNo me acuerdo nada\u201d<\/strong>, repet\u00eda \u00e9l. <strong>\u201cSol\u00eda perder el conocimiento con frecuencia\u201d<\/strong>, hab\u00eda reconocido en otras ocasiones, al hablar de su dependencia al alcohol.<\/p>\n<p>Tras el ataque, se despert\u00f3 en una celda inmunda. \u201cHab\u00eda mierda en las paredes. Pregunt\u00e9: \u2018<strong>\u00bfQu\u00e9 demonios hice ahora?<\/strong>\u2019. Pens\u00e9 que era una broma\u201d. Pero el oficial fue claro: estaba acusado de <strong>intento de asesinato <\/strong>contra su esposa.<\/p>\n<p>\u201cEl oficial me ley\u00f3 un papel y dec\u00eda: \u2018Est\u00e1 acusado de intento de asesinato de la Sra. Sharon Osbourne\u2019. <strong>Me qued\u00e9 paralizado\u201d<\/strong>, relat\u00f3 Ozzy. El vocalista reconoci\u00f3 en esa entrevista, que, a pesar de haber intentado matar a su esposa, <strong>no dej\u00f3 de beber.<\/strong> <\/p>\n<div style=\"text-align:center\">\n<figure class=\"image\" style=\"display:inline-block\"><picture><source media=\"(max-width: 440px)\" srcset=\"https:\/\/fotos.perfil.com\/\/2025\/07\/22\/440\/0\/ozzy-osbourne-20250722-2066350.jpg?webp\"\/><source media=\"(max-width: 1019px)\" srcset=\"https:\/\/fotos.perfil.com\/\/2025\/07\/22\/712\/0\/ozzy-osbourne-20250722-2066350.jpg?webp\"\/><img decoding=\"async\" style=\"max-width: 100%; width: 100%;\" alt=\"Ozzy Osbourne 20250722\" src=\"https:\/\/fotos.perfil.com\/\/2025\/07\/22\/900\/0\/ozzy-osbourne-20250722-2066350.jpg?webp\" loading=\"lazy\"\/><\/picture><figcaption>Ozzy Osboourne, junto a su esposa Sharon y su hija Kelly\u200b<\/figcaption><\/figure>\n<\/p><\/div>\n<p>Ozzy fue condenado a <strong>seis meses de ingreso en un centro m\u00e9dico<\/strong> para someterse a tratamiento y Sharon le dio un ultim\u00e1tum: \u201cSi vuelves a hacer algo as\u00ed, o te mato yo o me matas t\u00fa a m\u00ed. \u00bfDe verdad quieres que los ni\u00f1os tengan que pasar por algo as\u00ed?\u201d. <\/p>\n<p class=\"destacadoNota\"><a target=\"_blank\" href=\"https:\/\/exitoina.perfil.com\/noticias\/destacada\/asi-fue-ultima-presentacion-ozzy-osbourne-actuo-black-sabbath-despidio-leyenda.phtml\">As\u00ed fue la \u00faltima presentaci\u00f3n de Ozzy Osbourne, donde actu\u00f3 junto a Black Sabbath y se despidi\u00f3 como una leyenda<\/a><\/p>\n<h2>El infierno en casa<\/h2>\n<p>Sharon no solo fue su esposa: tambi\u00e9n fue su m\u00e1nager, su socia y madre de sus hijos. <strong>La relaci\u00f3n comenz\u00f3 en 1982 <\/strong>y sobrevivi\u00f3 a toda clase de excesos, infidelidades, internaciones y esc\u00e1ndalos.<\/p>\n<p style=\"text-align:center\"><picture><source media=\"(max-width: 440px)\" srcset=\"https:\/\/fotos.perfil.com\/\/2025\/07\/22\/440\/0\/ozzy-osbourne-20250722-2066351.jpg?webp\"\/><source media=\"(max-width: 1019px)\" srcset=\"https:\/\/fotos.perfil.com\/\/2025\/07\/22\/712\/0\/ozzy-osbourne-20250722-2066351.jpg?webp\"\/><img decoding=\"async\" style=\"max-width: 100%; width: 100%;\" alt=\"Ozzy Osbourne 20250722\" src=\"https:\/\/fotos.perfil.com\/\/2025\/07\/22\/900\/0\/ozzy-osbourne-20250722-2066351.jpg?webp\" loading=\"lazy\"\/><\/picture><\/p>\n<p>\u201c<strong>Ese d\u00eda no reconoc\u00eda al hombre frente a m\u00ed. Ten\u00eda esa mirada, pero estaba ido\u201d<\/strong>, dijo ella. En el documental <em>The Nine Lives of Ozzy Osbourne<\/em>, ambos reconstruyen el horror vivido aquella noche y otros episodios marcados por las drogas y la violencia. Lo llamaban el \u201c<strong>Pr\u00edncipe de las tinieblas<\/strong>\u201d, pero nadie imagin\u00f3 que en <a target=\"_blank\" href=\"https:\/\/www.perfil.com\/noticias\/protagonistas\/murio-malcolm-jamal-warner-el-recordado-hijo-de-bill-cosby-en-la-iconica-sitcom-de-los-80.phtml\">su infierno personal<\/a> tambi\u00e9n conviv\u00edan el p\u00e1nico, la paranoia y la violencia dom\u00e9stica.<\/p>\n<h2>Una despedida familiar<\/h2>\n<p>Este martes, Sharon fue una de las firmantes del comunicado con el que la familia <strong>confirm\u00f3 la muerte del m\u00fasico<\/strong>. \u201cCon una tristeza mayor de la que las palabras pueden expresar, debemos informar que nuestro querido Ozzy Osbourne falleci\u00f3 esta ma\u00f1ana. <strong>Estuvo acompa\u00f1ado de su familia y rodeado de amor. <\/strong>Pedimos a todos que respeten la privacidad de nuestra familia en este momento\u201d, expresaron.<\/p>\n<p><em>GD\/ML<\/em><\/p>\n<\/p><\/div>\n<p><script>\n                !function(f,b,e,v,n,t,s)\n                {if(f.fbq)return;n=f.fbq=function(){n.callMethod?\n                    n.callMethod.apply(n,arguments):n.queue.push(arguments)};\n                    if(!f._fbq)f._fbq=n;n.push=n;n.loaded=!0;n.version='2.0';\n                    n.queue=[];t=b.createElement(e);t.async=!0;\n                    t.src=v;s=b.getElementsByTagName(e)[0];\n                    s.parentNode.insertBefore(t,s)}(window, document,'script',\n                    'https:\/\/connect.facebook.net\/en_US\/fbevents.js');\n                window.paywallConfig.facebook_pixel=\"1000228364089342\"\n            <\/script><\/p>\n","protected":false},"excerpt":{"rendered":"<p>Ozzy Osbourne, referente absoluto del heavy metal, muri\u00f3 este martes a los 76 a\u00f1os. Desde su Inglaterra natal, forj\u00f3 una carrera tan influyente como ca\u00f3tica. Pero entre todas las historias oscuras que marcaron su vida, una sobresale por su brutalidad: el d\u00eda que intent\u00f3 asesinar a su esposa, Sharon Osbourne. Ocurri\u00f3 en 1989, en plena [&hellip;]<\/p>\n","protected":false},"author":2,"featured_media":138566,"comment_status":"closed","ping_status":"closed","sticky":false,"template":"","format":"standard","meta":{"footnotes":""},"categories":[25],"tags":[],"class_list":["post-138565","post","type-post","status-publish","format-standard","has-post-thumbnail","hentry","category-nacionales"],"yoast_head":"<!-- This site is optimized with the Yoast SEO plugin v24.4 - https:\/\/yoast.com\/wordpress\/plugins\/seo\/ -->\n<title>Ozzy Osbourne y el d\u00eda que intent\u00f3 estrangular a su esposa: \u201c\u00bfQu\u00e9 demonios hice ahora?\u201d - GYS NOTICIAS |<\/title>\n<meta name=\"robots\" content=\"index, follow, max-snippet:-1, max-image-preview:large, max-video-preview:-1\" \/>\n<link rel=\"canonical\" href=\"https:\/\/gysfm.com.ar\/inicio\/ozzy-osbourne-y-el-dia-que-intento-estrangular-a-su-esposa-que-demonios-hice-ahora\/\" \/>\n<meta property=\"og:locale\" content=\"es_ES\" \/>\n<meta property=\"og:type\" content=\"article\" \/>\n<meta property=\"og:title\" content=\"Ozzy Osbourne y el d\u00eda que intent\u00f3 estrangular a su esposa: \u201c\u00bfQu\u00e9 demonios hice ahora?\u201d - GYS NOTICIAS |\" \/>\n<meta property=\"og:description\" content=\"Ozzy Osbourne, referente absoluto del heavy metal, muri\u00f3 este martes a los 76 a\u00f1os. Desde su Inglaterra natal, forj\u00f3 una carrera tan influyente como ca\u00f3tica. Pero entre todas las historias oscuras que marcaron su vida, una sobresale por su brutalidad: el d\u00eda que intent\u00f3 asesinar a su esposa, Sharon Osbourne. Ocurri\u00f3 en 1989, en plena [&hellip;]\" \/>\n<meta property=\"og:url\" content=\"https:\/\/gysfm.com.ar\/inicio\/ozzy-osbourne-y-el-dia-que-intento-estrangular-a-su-esposa-que-demonios-hice-ahora\/\" \/>\n<meta property=\"og:site_name\" content=\"GYS NOTICIAS |\" \/>\n<meta property=\"article:published_time\" content=\"2025-07-23T02:35:10+00:00\" \/>\n<meta property=\"og:image\" content=\"https:\/\/fotos.perfil.com\/\/2025\/07\/22\/900\/0\/ozzy-osbourne-20250722-2066350.jpg?webp\" \/>\n<meta name=\"author\" content=\"Prensa G&amp;S FM\" \/>\n<meta name=\"twitter:card\" content=\"summary_large_image\" \/>\n<meta name=\"twitter:label1\" content=\"Escrito por\" \/>\n\t<meta name=\"twitter:data1\" content=\"Prensa G&amp;S FM\" \/>\n\t<meta name=\"twitter:label2\" content=\"Tiempo de lectura\" \/>\n\t<meta name=\"twitter:data2\" content=\"3 minutos\" \/>\n<script type=\"application\/ld+json\" class=\"yoast-schema-graph\">{\"@context\":\"https:\/\/schema.org\",\"@graph\":[{\"@type\":\"Article\",\"@id\":\"https:\/\/gysfm.com.ar\/inicio\/ozzy-osbourne-y-el-dia-que-intento-estrangular-a-su-esposa-que-demonios-hice-ahora\/#article\",\"isPartOf\":{\"@id\":\"https:\/\/gysfm.com.ar\/inicio\/ozzy-osbourne-y-el-dia-que-intento-estrangular-a-su-esposa-que-demonios-hice-ahora\/\"},\"author\":{\"name\":\"Prensa G&amp;S FM\",\"@id\":\"https:\/\/gysfm.com.ar\/inicio\/#\/schema\/person\/3abba7593ef2ad19e1be221d54383dc5\"},\"headline\":\"Ozzy Osbourne y el d\u00eda que intent\u00f3 estrangular a su esposa: \u201c\u00bfQu\u00e9 demonios hice ahora?\u201d\",\"datePublished\":\"2025-07-23T02:35:10+00:00\",\"mainEntityOfPage\":{\"@id\":\"https:\/\/gysfm.com.ar\/inicio\/ozzy-osbourne-y-el-dia-que-intento-estrangular-a-su-esposa-que-demonios-hice-ahora\/\"},\"wordCount\":599,\"publisher\":{\"@id\":\"https:\/\/gysfm.com.ar\/inicio\/#organization\"},\"image\":{\"@id\":\"https:\/\/gysfm.com.ar\/inicio\/ozzy-osbourne-y-el-dia-que-intento-estrangular-a-su-esposa-que-demonios-hice-ahora\/#primaryimage\"},\"thumbnailUrl\":\"https:\/\/gysfm.com.ar\/inicio\/wp-content\/uploads\/2025\/07\/ozzy-osbourne-20250722-2066353.jpg\",\"articleSection\":[\"NACIONALES\"],\"inLanguage\":\"es\"},{\"@type\":\"WebPage\",\"@id\":\"https:\/\/gysfm.com.ar\/inicio\/ozzy-osbourne-y-el-dia-que-intento-estrangular-a-su-esposa-que-demonios-hice-ahora\/\",\"url\":\"https:\/\/gysfm.com.ar\/inicio\/ozzy-osbourne-y-el-dia-que-intento-estrangular-a-su-esposa-que-demonios-hice-ahora\/\",\"name\":\"Ozzy Osbourne y el d\u00eda que intent\u00f3 estrangular a su esposa: \u201c\u00bfQu\u00e9 demonios hice ahora?\u201d - GYS NOTICIAS |\",\"isPartOf\":{\"@id\":\"https:\/\/gysfm.com.ar\/inicio\/#website\"},\"primaryImageOfPage\":{\"@id\":\"https:\/\/gysfm.com.ar\/inicio\/ozzy-osbourne-y-el-dia-que-intento-estrangular-a-su-esposa-que-demonios-hice-ahora\/#primaryimage\"},\"image\":{\"@id\":\"https:\/\/gysfm.com.ar\/inicio\/ozzy-osbourne-y-el-dia-que-intento-estrangular-a-su-esposa-que-demonios-hice-ahora\/#primaryimage\"},\"thumbnailUrl\":\"https:\/\/gysfm.com.ar\/inicio\/wp-content\/uploads\/2025\/07\/ozzy-osbourne-20250722-2066353.jpg\",\"datePublished\":\"2025-07-23T02:35:10+00:00\",\"breadcrumb\":{\"@id\":\"https:\/\/gysfm.com.ar\/inicio\/ozzy-osbourne-y-el-dia-que-intento-estrangular-a-su-esposa-que-demonios-hice-ahora\/#breadcrumb\"},\"inLanguage\":\"es\",\"potentialAction\":[{\"@type\":\"ReadAction\",\"target\":[\"https:\/\/gysfm.com.ar\/inicio\/ozzy-osbourne-y-el-dia-que-intento-estrangular-a-su-esposa-que-demonios-hice-ahora\/\"]}]},{\"@type\":\"ImageObject\",\"inLanguage\":\"es\",\"@id\":\"https:\/\/gysfm.com.ar\/inicio\/ozzy-osbourne-y-el-dia-que-intento-estrangular-a-su-esposa-que-demonios-hice-ahora\/#primaryimage\",\"url\":\"https:\/\/gysfm.com.ar\/inicio\/wp-content\/uploads\/2025\/07\/ozzy-osbourne-20250722-2066353.jpg\",\"contentUrl\":\"https:\/\/gysfm.com.ar\/inicio\/wp-content\/uploads\/2025\/07\/ozzy-osbourne-20250722-2066353.jpg\",\"width\":1140,\"height\":641},{\"@type\":\"BreadcrumbList\",\"@id\":\"https:\/\/gysfm.com.ar\/inicio\/ozzy-osbourne-y-el-dia-que-intento-estrangular-a-su-esposa-que-demonios-hice-ahora\/#breadcrumb\",\"itemListElement\":[{\"@type\":\"ListItem\",\"position\":1,\"name\":\"Portada\",\"item\":\"https:\/\/gysfm.com.ar\/inicio\/\"},{\"@type\":\"ListItem\",\"position\":2,\"name\":\"Ozzy Osbourne y el d\u00eda que intent\u00f3 estrangular a su esposa: \u201c\u00bfQu\u00e9 demonios hice ahora?\u201d\"}]},{\"@type\":\"WebSite\",\"@id\":\"https:\/\/gysfm.com.ar\/inicio\/#website\",\"url\":\"https:\/\/gysfm.com.ar\/inicio\/\",\"name\":\"GYS NOTICIAS |\",\"description\":\"DIARIO - RADIO ONLINE SAN JUAN ARGENTINA\",\"publisher\":{\"@id\":\"https:\/\/gysfm.com.ar\/inicio\/#organization\"},\"potentialAction\":[{\"@type\":\"SearchAction\",\"target\":{\"@type\":\"EntryPoint\",\"urlTemplate\":\"https:\/\/gysfm.com.ar\/inicio\/?s={search_term_string}\"},\"query-input\":{\"@type\":\"PropertyValueSpecification\",\"valueRequired\":true,\"valueName\":\"search_term_string\"}}],\"inLanguage\":\"es\"},{\"@type\":\"Organization\",\"@id\":\"https:\/\/gysfm.com.ar\/inicio\/#organization\",\"name\":\"GYS NOTICIAS |\",\"url\":\"https:\/\/gysfm.com.ar\/inicio\/\",\"logo\":{\"@type\":\"ImageObject\",\"inLanguage\":\"es\",\"@id\":\"https:\/\/gysfm.com.ar\/inicio\/#\/schema\/logo\/image\/\",\"url\":\"https:\/\/gysfm.com.ar\/inicio\/wp-content\/uploads\/2023\/07\/LOGOGYS-OK.png\",\"contentUrl\":\"https:\/\/gysfm.com.ar\/inicio\/wp-content\/uploads\/2023\/07\/LOGOGYS-OK.png\",\"width\":1170,\"height\":872,\"caption\":\"GYS NOTICIAS |\"},\"image\":{\"@id\":\"https:\/\/gysfm.com.ar\/inicio\/#\/schema\/logo\/image\/\"}},{\"@type\":\"Person\",\"@id\":\"https:\/\/gysfm.com.ar\/inicio\/#\/schema\/person\/3abba7593ef2ad19e1be221d54383dc5\",\"name\":\"Prensa G&amp;S FM\",\"image\":{\"@type\":\"ImageObject\",\"inLanguage\":\"es\",\"@id\":\"https:\/\/gysfm.com.ar\/inicio\/#\/schema\/person\/image\/\",\"url\":\"https:\/\/secure.gravatar.com\/avatar\/096ec78df02049ab018702bb4ccedf659377fa92a26540b5247612077a0dbd29?s=96&d=mm&r=g\",\"contentUrl\":\"https:\/\/secure.gravatar.com\/avatar\/096ec78df02049ab018702bb4ccedf659377fa92a26540b5247612077a0dbd29?s=96&d=mm&r=g\",\"caption\":\"Prensa G&amp;S FM\"},\"sameAs\":[\"https:\/\/gysfm.com.ar\/\"],\"url\":\"https:\/\/gysfm.com.ar\/inicio\/author\/lucasm\/\"}]}<\/script>\n<!-- \/ Yoast SEO plugin. -->","yoast_head_json":{"title":"Ozzy Osbourne y el d\u00eda que intent\u00f3 estrangular a su esposa: \u201c\u00bfQu\u00e9 demonios hice ahora?\u201d - GYS NOTICIAS |","robots":{"index":"index","follow":"follow","max-snippet":"max-snippet:-1","max-image-preview":"max-image-preview:large","max-video-preview":"max-video-preview:-1"},"canonical":"https:\/\/gysfm.com.ar\/inicio\/ozzy-osbourne-y-el-dia-que-intento-estrangular-a-su-esposa-que-demonios-hice-ahora\/","og_locale":"es_ES","og_type":"article","og_title":"Ozzy Osbourne y el d\u00eda que intent\u00f3 estrangular a su esposa: \u201c\u00bfQu\u00e9 demonios hice ahora?\u201d - GYS NOTICIAS |","og_description":"Ozzy Osbourne, referente absoluto del heavy metal, muri\u00f3 este martes a los 76 a\u00f1os. Desde su Inglaterra natal, forj\u00f3 una carrera tan influyente como ca\u00f3tica. Pero entre todas las historias oscuras que marcaron su vida, una sobresale por su brutalidad: el d\u00eda que intent\u00f3 asesinar a su esposa, Sharon Osbourne. Ocurri\u00f3 en 1989, en plena [&hellip;]","og_url":"https:\/\/gysfm.com.ar\/inicio\/ozzy-osbourne-y-el-dia-que-intento-estrangular-a-su-esposa-que-demonios-hice-ahora\/","og_site_name":"GYS NOTICIAS |","article_published_time":"2025-07-23T02:35:10+00:00","og_image":[{"url":"https:\/\/fotos.perfil.com\/\/2025\/07\/22\/900\/0\/ozzy-osbourne-20250722-2066350.jpg?webp","type":"","width":"","height":""}],"author":"Prensa G&amp;S FM","twitter_card":"summary_large_image","twitter_misc":{"Escrito por":"Prensa G&amp;S FM","Tiempo de lectura":"3 minutos"},"schema":{"@context":"https:\/\/schema.org","@graph":[{"@type":"Article","@id":"https:\/\/gysfm.com.ar\/inicio\/ozzy-osbourne-y-el-dia-que-intento-estrangular-a-su-esposa-que-demonios-hice-ahora\/#article","isPartOf":{"@id":"https:\/\/gysfm.com.ar\/inicio\/ozzy-osbourne-y-el-dia-que-intento-estrangular-a-su-esposa-que-demonios-hice-ahora\/"},"author":{"name":"Prensa G&amp;S FM","@id":"https:\/\/gysfm.com.ar\/inicio\/#\/schema\/person\/3abba7593ef2ad19e1be221d54383dc5"},"headline":"Ozzy Osbourne y el d\u00eda que intent\u00f3 estrangular a su esposa: \u201c\u00bfQu\u00e9 demonios hice ahora?\u201d","datePublished":"2025-07-23T02:35:10+00:00","mainEntityOfPage":{"@id":"https:\/\/gysfm.com.ar\/inicio\/ozzy-osbourne-y-el-dia-que-intento-estrangular-a-su-esposa-que-demonios-hice-ahora\/"},"wordCount":599,"publisher":{"@id":"https:\/\/gysfm.com.ar\/inicio\/#organization"},"image":{"@id":"https:\/\/gysfm.com.ar\/inicio\/ozzy-osbourne-y-el-dia-que-intento-estrangular-a-su-esposa-que-demonios-hice-ahora\/#primaryimage"},"thumbnailUrl":"https:\/\/gysfm.com.ar\/inicio\/wp-content\/uploads\/2025\/07\/ozzy-osbourne-20250722-2066353.jpg","articleSection":["NACIONALES"],"inLanguage":"es"},{"@type":"WebPage","@id":"https:\/\/gysfm.com.ar\/inicio\/ozzy-osbourne-y-el-dia-que-intento-estrangular-a-su-esposa-que-demonios-hice-ahora\/","url":"https:\/\/gysfm.com.ar\/inicio\/ozzy-osbourne-y-el-dia-que-intento-estrangular-a-su-esposa-que-demonios-hice-ahora\/","name":"Ozzy Osbourne y el d\u00eda que intent\u00f3 estrangular a su esposa: \u201c\u00bfQu\u00e9 demonios hice ahora?\u201d - GYS NOTICIAS |","isPartOf":{"@id":"https:\/\/gysfm.com.ar\/inicio\/#website"},"primaryImageOfPage":{"@id":"https:\/\/gysfm.com.ar\/inicio\/ozzy-osbourne-y-el-dia-que-intento-estrangular-a-su-esposa-que-demonios-hice-ahora\/#primaryimage"},"image":{"@id":"https:\/\/gysfm.com.ar\/inicio\/ozzy-osbourne-y-el-dia-que-intento-estrangular-a-su-esposa-que-demonios-hice-ahora\/#primaryimage"},"thumbnailUrl":"https:\/\/gysfm.com.ar\/inicio\/wp-content\/uploads\/2025\/07\/ozzy-osbourne-20250722-2066353.jpg","datePublished":"2025-07-23T02:35:10+00:00","breadcrumb":{"@id":"https:\/\/gysfm.com.ar\/inicio\/ozzy-osbourne-y-el-dia-que-intento-estrangular-a-su-esposa-que-demonios-hice-ahora\/#breadcrumb"},"inLanguage":"es","potentialAction":[{"@type":"ReadAction","target":["https:\/\/gysfm.com.ar\/inicio\/ozzy-osbourne-y-el-dia-que-intento-estrangular-a-su-esposa-que-demonios-hice-ahora\/"]}]},{"@type":"ImageObject","inLanguage":"es","@id":"https:\/\/gysfm.com.ar\/inicio\/ozzy-osbourne-y-el-dia-que-intento-estrangular-a-su-esposa-que-demonios-hice-ahora\/#primaryimage","url":"https:\/\/gysfm.com.ar\/inicio\/wp-content\/uploads\/2025\/07\/ozzy-osbourne-20250722-2066353.jpg","contentUrl":"https:\/\/gysfm.com.ar\/inicio\/wp-content\/uploads\/2025\/07\/ozzy-osbourne-20250722-2066353.jpg","width":1140,"height":641},{"@type":"BreadcrumbList","@id":"https:\/\/gysfm.com.ar\/inicio\/ozzy-osbourne-y-el-dia-que-intento-estrangular-a-su-esposa-que-demonios-hice-ahora\/#breadcrumb","itemListElement":[{"@type":"ListItem","position":1,"name":"Portada","item":"https:\/\/gysfm.com.ar\/inicio\/"},{"@type":"ListItem","position":2,"name":"Ozzy Osbourne y el d\u00eda que intent\u00f3 estrangular a su esposa: \u201c\u00bfQu\u00e9 demonios hice ahora?\u201d"}]},{"@type":"WebSite","@id":"https:\/\/gysfm.com.ar\/inicio\/#website","url":"https:\/\/gysfm.com.ar\/inicio\/","name":"GYS NOTICIAS |","description":"DIARIO - RADIO ONLINE SAN JUAN ARGENTINA","publisher":{"@id":"https:\/\/gysfm.com.ar\/inicio\/#organization"},"potentialAction":[{"@type":"SearchAction","target":{"@type":"EntryPoint","urlTemplate":"https:\/\/gysfm.com.ar\/inicio\/?s={search_term_string}"},"query-input":{"@type":"PropertyValueSpecification","valueRequired":true,"valueName":"search_term_string"}}],"inLanguage":"es"},{"@type":"Organization","@id":"https:\/\/gysfm.com.ar\/inicio\/#organization","name":"GYS NOTICIAS |","url":"https:\/\/gysfm.com.ar\/inicio\/","logo":{"@type":"ImageObject","inLanguage":"es","@id":"https:\/\/gysfm.com.ar\/inicio\/#\/schema\/logo\/image\/","url":"https:\/\/gysfm.com.ar\/inicio\/wp-content\/uploads\/2023\/07\/LOGOGYS-OK.png","contentUrl":"https:\/\/gysfm.com.ar\/inicio\/wp-content\/uploads\/2023\/07\/LOGOGYS-OK.png","width":1170,"height":872,"caption":"GYS NOTICIAS |"},"image":{"@id":"https:\/\/gysfm.com.ar\/inicio\/#\/schema\/logo\/image\/"}},{"@type":"Person","@id":"https:\/\/gysfm.com.ar\/inicio\/#\/schema\/person\/3abba7593ef2ad19e1be221d54383dc5","name":"Prensa G&amp;S FM","image":{"@type":"ImageObject","inLanguage":"es","@id":"https:\/\/gysfm.com.ar\/inicio\/#\/schema\/person\/image\/","url":"https:\/\/secure.gravatar.com\/avatar\/096ec78df02049ab018702bb4ccedf659377fa92a26540b5247612077a0dbd29?s=96&d=mm&r=g","contentUrl":"https:\/\/secure.gravatar.com\/avatar\/096ec78df02049ab018702bb4ccedf659377fa92a26540b5247612077a0dbd29?s=96&d=mm&r=g","caption":"Prensa G&amp;S FM"},"sameAs":["https:\/\/gysfm.com.ar\/"],"url":"https:\/\/gysfm.com.ar\/inicio\/author\/lucasm\/"}]}},"_links":{"self":[{"href":"https:\/\/gysfm.com.ar\/inicio\/wp-json\/wp\/v2\/posts\/138565","targetHints":{"allow":["GET"]}}],"collection":[{"href":"https:\/\/gysfm.com.ar\/inicio\/wp-json\/wp\/v2\/posts"}],"about":[{"href":"https:\/\/gysfm.com.ar\/inicio\/wp-json\/wp\/v2\/types\/post"}],"author":[{"embeddable":true,"href":"https:\/\/gysfm.com.ar\/inicio\/wp-json\/wp\/v2\/users\/2"}],"replies":[{"embeddable":true,"href":"https:\/\/gysfm.com.ar\/inicio\/wp-json\/wp\/v2\/comments?post=138565"}],"version-history":[{"count":0,"href":"https:\/\/gysfm.com.ar\/inicio\/wp-json\/wp\/v2\/posts\/138565\/revisions"}],"wp:featuredmedia":[{"embeddable":true,"href":"https:\/\/gysfm.com.ar\/inicio\/wp-json\/wp\/v2\/media\/138566"}],"wp:attachment":[{"href":"https:\/\/gysfm.com.ar\/inicio\/wp-json\/wp\/v2\/media?parent=138565"}],"wp:term":[{"taxonomy":"category","embeddable":true,"href":"https:\/\/gysfm.com.ar\/inicio\/wp-json\/wp\/v2\/categories?post=138565"},{"taxonomy":"post_tag","embeddable":true,"href":"https:\/\/gysfm.com.ar\/inicio\/wp-json\/wp\/v2\/tags?post=138565"}],"curies":[{"name":"wp","href":"https:\/\/api.w.org\/{rel}","templated":true}]}}