{"id":138563,"date":"2025-07-22T23:04:09","date_gmt":"2025-07-23T02:04:09","guid":{"rendered":"https:\/\/gysfm.com.ar\/inicio\/javier-milei-cierra-con-un-discurso-el-evento-libertario-derecha-fest\/"},"modified":"2025-07-22T23:04:09","modified_gmt":"2025-07-23T02:04:09","slug":"javier-milei-cierra-con-un-discurso-el-evento-libertario-derecha-fest","status":"publish","type":"post","link":"https:\/\/gysfm.com.ar\/inicio\/javier-milei-cierra-con-un-discurso-el-evento-libertario-derecha-fest\/","title":{"rendered":"Javier Milei cierra con un discurso el evento libertario \u201cDerecha Fest\u201d"},"content":{"rendered":"<p><\/p>\n<div id=\"article-content\">\n<p><strong>Javier Milei es la gran figura de la <a target=\"_blank\" href=\"https:\/\/www.perfil.com\/noticias\/cordoba\/todo-lo-que-tenes-que-saber-sobre-la-derecha-fest-en-cordoba-politica-cultura-libertaria-y-discursos-antiizquierdistas.phtml\">Derecha Fest<\/a><\/strong>, el evento organizado por <em>La Derecha Diario <\/em>en el Hotel Quorum, de C\u00f3rdoba, donde disertar\u00e1 en un espacio denominado <em>\u00abLa construcci\u00f3n del milagro\u00bb<\/em>.  Sus organizadores lo calificaron como <strong>\u00ab<a target=\"_blank\" href=\"https:\/\/www.perfil.com\/noticias\/bravotv\/a-dias-de-la-derecha-fest-milei-prepara-su-discurso-para-un-evento-libertario-con-fuerte-contenido-ideologico.phtml\">el evento<\/a> m\u00e1s anti-zurdo del mundo\u00bb<\/strong>. Erick Kammerath, analista pol\u00edtico, y Eliana Cere, columnista del canal de streaming <em>Neura,<\/em> fueron elegidos como los conductores del festival.<\/p>\n<p>El <a target=\"_blank\" href=\"https:\/\/www.perfil.com\/noticias\/politica\/milei-viaja-a-cordoba-para-el-evento-la-derecha-fest-que-es-y-quienes-seran-los-expositores.phtml\">discurso de Milei est\u00e1 previsto para las 21<\/a>, aunque se prev\u00e9 que pueda demorarse. Las principales figuras del festival, como el tuitero Daniel Parisini, conocido en redes como El Gordo Dan, son <strong>parte del grupo libertario que qued\u00f3 relegado en el cierre de listas bonaerenses<\/strong>. <\/p>\n<p>En el cronograma de la <a target=\"_blank\" href=\"https:\/\/www.perfil.com\/noticias\/politica\/cae-la-imagen-de-javier-milei-y-la-evaluacion-del-gobierno.phtml\">Derecha Fest<\/a> la primera actividad fue a las 17, con una charla encabezada por <strong>Roberto Hidalgo<\/strong>, <strong>Evelin Barroso<\/strong> y <strong>Gabriel Ballerini<\/strong>. El tema del panel fue la importancia de la batalla cultural. El periodista espa\u00f1ol y accionista de <a target=\"_blank\" href=\"https:\/\/www.perfil.com\/noticias\/politica\/estas-de-acuerdo-con-que-el-catolicismo-expresa-la-pedofilia-los-polemicos-dichos-de-cerimedo-el-estratega-digital-de-milei.phtml\"><em>La Derecha Diario<\/em><\/a>, <strong>Javier Negre<\/strong>, brind\u00f3 una conferencia titulada \u00abNo odiamos suficiente a los periodistas\u00bb. Y, a continuaci\u00f3n, el cineasta <strong>Diego Recalde<\/strong> tuvo a su cargo la disertaci\u00f3n \u00abPeronismo: el k\u00e1iser de la Argentina\u00bb.  El influencer <a target=\"_blank\" href=\"https:\/\/www.perfil.com\/noticias\/columnistas\/el-gordo-dan-solo-hace-pop-por-pablo-helman.phtml\">Gordo Dan<\/a>, que guard\u00f3 silencio en redes y tampoco se refiri\u00f3 al cierre de listas en su programa, subi\u00f3 al escenario a las 19. Se trata de uno de los j\u00f3venes alineados al asesor presidencial Santiago Caputo, uno de los grandes derrotados en territorio bonaerense. <\/p>\n<div class=\"subscription\">\n<p>\n        Esto no les gusta a los autoritarios\n    <\/p>\n<div class=\"subscription__container\">\n<div class=\"subscription__text-wrapper\">\n<p>\n                El ejercicio del periodismo profesional y cr\u00edtico es un pilar fundamental de la democracia. Por eso molesta a quienes creen ser los due\u00f1os de la verdad.\n            <\/p>\n<\/p><\/div><\/div>\n<\/div>\n<p class=\"destacadoNota\"><a target=\"_blank\" href=\"https:\/\/www.perfil.com\/noticias\/politica\/uno-por-uno-los-candidatos-del-frente-libertad-avanza-en-la-provincia-el-triunfo-de-la-tropa-de-pareja-macristas-libertarios-y-ex-funcion.phtml\">Uno por uno, los candidatos del Frente Libertad Avanza en Provincia: el triunfo de Pareja, macristas libertarios y saltimbanquis<\/a><\/p>\n<h2>Fuertes declaraciones de Javier Milei<\/h2>\n<p>Al grito de \u00abLa casta tiene miedo\u00bb, el Presidente hizo su aparici\u00f3n en el escenario del Hotel Qu\u00f3rum y, antes de comenzar su discurso, pidi\u00f3 cantar \u00ab\u00a1<strong>saquen al ping\u00fcino del caj\u00f3n para que vea que los pibes cambiaron de idea y llevan la bandera que trajo el le\u00f3n!<\/strong>\u00ab.<\/p>\n<p>Luego asegur\u00f3 que, en solo un a\u00f1o y medio de gesti\u00f3n, logr\u00f3 el mejor gobierno de la historia, halagando a Caputo, al que llam\u00f3 \u00abel mejor ministro de Econom\u00eda del mundo\u00bb. Afirm\u00f3 que su programa de estabilizaci\u00f3n super\u00f3 al de Carlos Menem porque \u00ab<strong>no s\u00f3lo hemos bajado la inflaci\u00f3n m\u00e1s r\u00e1pido, lo hicimos sin plan Bonex, sin controlar precios, sin fijar el tipo de cambio<\/strong>\u00ab.<\/p>\n<p>A continuaci\u00f3n, repiti\u00f3 su idea de que el movimiento libertario tiene tres frentes de batalla: el de gesti\u00f3n, el institucional y el cultural. En relaci\u00f3n al \u00faltimo, pidi\u00f3: \u00ab<strong>Aseguremos que estos cambios sean sostenibles en el largo plazo, educando al soberano. En definitiva, que quienes tienen poco empiecen a verla<\/strong>\u00ab.<\/p>\n<p>El presidente reconoci\u00f3: \u00ab<strong>La batalla por los votos es una larga marcha<\/strong>. Imag\u00ednense que hoy solo contamos con el 15% de los Diputados y el 10% de los Senadores. <strong>Pero a\u00fan as\u00ed es una marcha que solo va en una direcci\u00f3n porque el pa\u00eds al que nos llev\u00f3 el partido del estado fue desastroso<\/strong> y result\u00f3 tan evidente para las sociedad que todos fueron c\u00f3mplices de un mismo sistema, que y<strong>a es una causa perdida para ellos presentarse a elecciones. <\/strong>L<strong>a gente no los quiere ver ni en figurita, por eso muchos se van a sorprender con los resultados de octubre<\/strong>\u00ab.<\/p>\n<p>En ese punto, Milei apunt\u00f3 contra la vicepresidenta: \u00ab<strong>La primera ley de la pol\u00edtica es ignorar la primer ley de la econom\u00eda&#8230; <\/strong>y vaya que de esto los populistas saben, <strong>\u00bfo caso semanas atr\u00e1s no votaron un gasto de 17 mil millones de d\u00f3lares? Y la bruta traidora dijo que lo iba a financiar con 30 millones. Sugiero que antes de hacer chicanas aprendan a sumar dos m\u00e1s dos<\/strong>\u00ab.<\/p>\n<p>Y luego adelant\u00f3 su pr\u00f3xima medida: <strong>\u00abYa est\u00e1, ya entr\u00f3 ahora el veto sale pr\u00f3ximamente\u00bb<\/strong>. De esta forma, el mandatario dej\u00f3 en claro que vetar\u00e1 los proyectos de ley sancionados por el Senado d\u00edas atr\u00e1s que, seg\u00fan los c\u00e1lculos oficiales, equivalen a un 2,5 puntos del PBI en costo fiscal.<\/p>\n<p>A continuaci\u00f3n, el presidente volvi\u00f3 a insistir con los ajustes que realiz\u00f3 y se compar\u00f3, una vez m\u00e1s, con el kirchnerismo: \u00ab<strong>Pusimos las cuentas p\u00fablicas en orden en un mes<\/strong>. Y a su vez, a los seis meses terminamos saneando el balance del Banco Central (BCRA), gracias a la enorme tarea de (Santiago) Bausili y (Pablo) Quirno. Dicen que nos endeudamos: cuando llegamos la deuda era de 500 mil millones de d\u00f3lares. <strong>El kirchnerismo nos endeud\u00f3 en 300 mil millones de d\u00f3lares, es el movimiento pol\u00edtico m\u00e1s endeudador de la historia argentina<\/strong>\u00ab.<\/p>\n<p>Milei remarc\u00f3: \u00ab<strong>Los que hoy se preocupan de las jubilaciones son los mismos que dejaron jubilaciones de 80 d\u00f3lares<\/strong>, cuando hoy las jubilaciones est\u00e1n arriba de 350 d\u00f3lares en una econom\u00eda mas abierta, por ende cada d\u00f3lar compra m\u00e1s que antes\u00bb.<\/p>\n<p>Luego, el mandatario le pidi\u00f3 a sus militantes ser \u00ab<strong>soldados de la batalla cultural y emular a la izquierda\u00bb porque \u00abdebemos reconocer que ellos lo hicieron mejor, el tema de la batalla cultural.<\/strong> Cuando reconozcamos eso, los vamos a estar en condiciones de llevarlos por encima\u00bb.<\/p>\n<p>Y agreg\u00f3: <strong>\u00abDebemos emular a la izquierda en este aspecto: haciendo nuestra propia larga marcha sobre los distintos lugares de influencia. <\/strong>En cada plaza, en cada Consejo Deliberante en cada onda de radio en cada canal de televisi\u00f3n del pa\u00eds, debe haber alguien defendiendo y promoviendo las ideas de la libertad. Y debemos hacerlo de manera sostenida\u00bb.<\/p>\n<p>Con respecto al conflictivo cierre de listas para las elecciones del pr\u00f3ximo 7 de septiembre, Milei asegur\u00f3: \u00abEn el a\u00f1o 2023 los argentinos decidieron un cambio de rumbo que tenemos el cual tenemos que confirmarlo en septiembre en la Provincia de Buenos Aires, en cada provincia, y<strong> dar un tremendo batacazo violeta<\/strong>\u00ab.<\/p>\n<p>Y luego le pidi\u00f3 a sus seguidores: \u00ab<strong>Tenemos que entender que en octubre de un lado va a a estar el status quo, el partido del Estado, la casta pol\u00edtica chorra, parasitaria e in\u00fatil, los periodistas ensobrados, los sindigarcas, los empresaurios prebendarios. Y del otro lado vamos a estar los argentinos de bien<\/strong> que queremos abrazar las ideas de la libertad\u00bb.<\/p>\n<p>Fiel a su estilo frontal, tambi\u00e9n apunt\u00f3 contra Jos\u00e9 Mayans, presidente del bloque justicialista en la C\u00e1mara Alta: \u00abLo que ocurri\u00f3 en Argentina hace cinco a\u00f1os es algo \u00fanico. El desastre de los \u00faltimos tres gobiernos argentinos y el liberticidio de una cuarentena eterna, <strong>yo no me olvido que hab\u00eda un impresentable de mierda que dec\u00eda que en pandemia no hay derechos y vaya que asqueroso es que alguien vaya y se abrace a esa morsa inmunda. Si no queda claro estoy hablando de Jos\u00e9 Mayans, que es senador de Gildo Insfr\u00e1n<\/strong>\u00ab.<\/p>\n<p>Milei volvi\u00f3 a cuestionar al kirchnerismo llam\u00e1ndolo tramposo: \u00abHay algo muy interesante y es que si antes de salir a la cancha es necesario hacer trampa es porque sos un perdedor. <strong>El kirchnerismo necesita hacer trampa porque no puede ganar de la manera leg\u00edtima<\/strong>\u00ab.<\/p>\n<p>El presidente aprovech\u00f3 para se\u00f1alar que, adem\u00e1s del enemigo externo, debe tratar con aliados poco confiables, como su vicepresidenta, a la que responsabiliz\u00f3 por lo que ocurri\u00f3 en el Senado: \u00abTenemos que lidiar con los traidores, <strong>fueron elegidos solo para darse vuelta en poco tiempo, tard\u00f3 pocos minutos en demostrar que es casta, se dio vuelta y le dio la espalda al pueblo argentino, deslumbrada por la casta pol\u00edtica<\/strong>. As\u00ed como la historia reconoce a los h\u00e9roes tambi\u00e9n reconoce a los traidores, el tiempo pondr\u00e1 a cada uno en el lugar que le corresponde\u00bb.<\/p>\n<p>Milei finaliz\u00f3 su discurso hablando de Cristina Kirchner, aunque sin nombrarla expl\u00edcitamente: \u00abEste a\u00f1o tenemos que salir a militar con el mismo entusiasmo. <strong>Ese pa\u00eds de saqueadores liderado por la corrupta condenada que sea un mal recuerdo en la memoria de los argentinos. Es el momento de estar m\u00e1s unidos que nunca, ellos quieren que seamos un pa\u00eds de sometidos<\/strong>. Esto reci\u00e9n empieza y de nosotros depende hacer una Argentina grande. \u00a1Viva la libertad carajo!\u00bb.<\/p>\n<h2>Agust\u00edn Laje afirm\u00f3 \u00abLa derecha moviliza la pasi\u00f3n de la autosuperaci\u00f3n, la izquierda, la envidia y el resentimiento\u00bb. <\/h2>\n<p>El conferencista comenz\u00f3 remarcando: \u00abDec\u00edan que no \u00edbamos a poder llenar, pero llenamos el auditorio y somos 3000 personas. La izquierda vive del sentimiento m\u00e1s desagradable que puede sentir el humano: la envidia. <strong>La izquierda no es solo una ideolog\u00eda pol\u00edtica. Es un conjunto de ideas malvadas que atrae a personas malvadas<\/strong>\u00ab.<\/p>\n<p>A continuaci\u00f3n desarroll\u00f3 su idea: \u00abLos liberales promueven la pasi\u00f3n por la propiedad privada. Los conservadores, la pasi\u00f3n por sus tradiciones. Los patriotas, la pasi\u00f3n por el suelo. <strong>La izquierda es puro odio. La derecha promueve las pasiones m\u00e1s sanas del ser humano. La derecha moviliza la pasi\u00f3n de la autosuperaci\u00f3n. La izquierda, la envidia y el resentimiento<\/strong>\u00ab. <\/p>\n<h2>Nicol\u00e1s M\u00e1rquez cuestion\u00f3 a la vicepresidenta, pidi\u00f3 aplastar al kirchnerismo y asegur\u00f3: \u00abEstamos en guerra\u00bb<\/h2>\n<p>El bi\u00f3grafo de Javier Milei comenz\u00f3 afirmando: \u00ab<strong>Javier Milei destruy\u00f3 a los tibios del centro. Larreta quer\u00eda ser presidente, y es concejal. Ahora toca ir por el peligro mayor: el peronismo<\/strong>. Las pr\u00f3ximas elecciones necesitamos que Milei vaya acompa\u00f1ado en su f\u00f3rmula con alguien que est\u00e9 a la altura de las circunstancias\u00bb.<\/p>\n<p>Y luego agreg\u00f3: \u00abLa batalla cultural es un esfuerzo para persuadir al p\u00fablico, pero si no tienen a quien votar, la batalla queda a mitad de camino. Meterse en pol\u00edtica no es una opci\u00f3n, es una obligaci\u00f3n. No es necesario militar, se puede hacer pol\u00edtica a trav\u00e9s de la difusi\u00f3n, docencia, persuasi\u00f3n, desde el \u00e1mbito donde se sienta m\u00e1s c\u00f3modo. <strong>\u00bfQu\u00e9 hay que hacer con el enemigo? No hay que dialogar. Hay que aplastarlos ideol\u00f3gicamente. Estamos en guerra<\/strong>\u00ab.<\/p>\n<h2>Diego Recalde apunt\u00f3 contra izquierda y el Gordo Dan habl\u00f3 de Milei luego del cierre de listas<\/h2>\n<p>El cineasta y periodista Diego Recalde expres\u00f3: \u00ab<strong>La izquierda es un adolescente eterno que pasa de ser mantenido por sus padres a ser mantenidos por el estados. Son siempre hijos&#8230; hijos de p***<\/strong>. El verdadero revolucionario es el empresario. Su objetivo es revolucionar al mercado. Es valiente porque se arriesga. Es solidario porque le tiende la mano a alguien para sacarlo de la pobreza\u00bb.<\/p>\n<p>Y agreg\u00f3: \u00ab<strong>El estado tiene el tama\u00f1o de un elefante y tiene que tener el tama\u00f1o de un le\u00f3n<\/strong>. La izquierda es el palo en la rueda. El combustible de la izquierda es el resentimiento. No entienden que las cosas se consiguen con esfuerzo\u00bb.<\/p>\n<p>Aunque los rumores indicaban que el influencer libertario se hab\u00eda distanciado del presidente por el armado de las listas para las elecciones legislativas del pr\u00f3ximo 7 de septiembre, no dud\u00f3 en reivindicar al m\u00e1ximo referente de LLA: \u00abLos argentinos hemos despertado de la pesadilla comunista con los rugidos del Le\u00f3n. <strong>El presidente encontr\u00f3 la f\u00f3rmula para salvar al pa\u00eds y lo saben. Por eso atacan al equilibrio fiscal<\/strong>\u00ab.<\/p>\n<h2>Los oradores estrellas apuntaron contra el progresismo, el periodismo, el ate\u00edsmo y la izquierda<\/h2>\n<p><strong>Javier Negre<\/strong>, presidente del grupo EDA (Edatv.news, Informa Radio y Estado de Alarma) y propietario de La Derecha Diario, fue uno de los primeros en dar su opini\u00f3n: \u00abLes digo que <strong>no odiamos lo suficiente a los periodistas, y yo soy uno de ellos<\/strong>. Esta es una de las profesiones m\u00e1s corrompidas. Se\u00f1alemos a los periodistas corruptos\u00bb.<\/p>\n<p>La polit\u00f3loga y pastora <strong>Evelin Barroso <\/strong>se concentr\u00f3 en su concepci\u00f3n de la mujer y la familia \u00abVenimos a decir que <strong>ser mujer es una maravilla, formar una familia es un acto de valent\u00eda, y que la vida tiene sentido aun antes de nacer. <\/strong>Nos hicieron creer que nuestra dignidad no nos viene por haber sido creados por alguien superior a nosotros, sino que es solamente un relato\u00bb.<\/p>\n<p><strong>Rigoberto Hidalgo<\/strong>, fil\u00f3sofo y director de Reasonable Faith, reivindic\u00f3 la importancia de la fe y apunt\u00f3 contra el progresismo: \u00abEl ate\u00edsmo es basura.<strong> El progresismo es basura. El aborto es basura<\/strong>. Un hombre no puede ser dos cosas a la vez. <strong>Solo hay dos sexos y 50 formas de hacer el rid\u00edculo<\/strong>. Esto es l\u00f3gica. No discurso de odio\u00bb. <\/p>\n<p><strong>Axel Bruesewitz<\/strong>, asesor de Trump, habl\u00f3 de su experiencia en nuestro pa\u00eds: \u00abViaj\u00e9 mucho por Argentina y vi que tenemos mucho en com\u00fan. Creemos que Jes\u00fas es nuestro salvador. Creemos en fronteras seguras. Y queremos que el gobierno no se meta en nuestras vidas. <strong>Tenemos dos l\u00edderes fuertes: Milei y Trump, que est\u00e1n haciendo un mundo mejor. Pero tambi\u00e9n tenemos enemigos en com\u00fan: la izquierda que quiere destruir a la familia.<\/strong> Ellos no quieren que tengamos fe en nuestro Dios. Ellos quieren nuestro dinero, nos quieren controlar, nos quieren pobres\u00bb.<\/p>\n<p><strong>Gabriel Ballerini<\/strong>, pastor evang\u00e9lico y pol\u00edtico, ironiz\u00f3: \u00ab<strong>Cristiano progre es como decir nieve negra, hombre trans, carne vegana o Cristina (Kirchner) inocente, es algo contradictorio<\/strong>. Un cristiano se va a identificar con un partido que defienda la vida, la libertad y la familia, si un cristiano vota izquierda, est\u00e1 siendo incoherente con sus valores. La batalla es espiritual,. La batalla es cultural. Pero no hay que olvidar que tambi\u00e9n es electoral. La izquierda es el anticristo\u00bb. <\/p>\n<p><em>En desarrollo&#8230;<\/em><\/p>\n<p><em>HM<\/em><\/p>\n<\/p><\/div>\n<p><script>\n                !function(f,b,e,v,n,t,s)\n                {if(f.fbq)return;n=f.fbq=function(){n.callMethod?\n                    n.callMethod.apply(n,arguments):n.queue.push(arguments)};\n                    if(!f._fbq)f._fbq=n;n.push=n;n.loaded=!0;n.version='2.0';\n                    n.queue=[];t=b.createElement(e);t.async=!0;\n                    t.src=v;s=b.getElementsByTagName(e)[0];\n                    s.parentNode.insertBefore(t,s)}(window, document,'script',\n                    'https:\/\/connect.facebook.net\/en_US\/fbevents.js');\n                window.paywallConfig.facebook_pixel=\"1000228364089342\"\n            <\/script><\/p>\n","protected":false},"excerpt":{"rendered":"<p>Javier Milei es la gran figura de la Derecha Fest, el evento organizado por La Derecha Diario en el Hotel Quorum, de C\u00f3rdoba, donde disertar\u00e1 en un espacio denominado \u00abLa construcci\u00f3n del milagro\u00bb. Sus organizadores lo calificaron como \u00abel evento m\u00e1s anti-zurdo del mundo\u00bb. Erick Kammerath, analista pol\u00edtico, y Eliana Cere, columnista del canal de [&hellip;]<\/p>\n","protected":false},"author":2,"featured_media":138564,"comment_status":"closed","ping_status":"closed","sticky":false,"template":"","format":"standard","meta":{"footnotes":""},"categories":[25],"tags":[],"class_list":["post-138563","post","type-post","status-publish","format-standard","has-post-thumbnail","hentry","category-nacionales"],"yoast_head":"<!-- This site is optimized with the Yoast SEO plugin v24.4 - https:\/\/yoast.com\/wordpress\/plugins\/seo\/ -->\n<title>Javier Milei cierra con un discurso el evento libertario \u201cDerecha Fest\u201d - GYS NOTICIAS |<\/title>\n<meta name=\"robots\" content=\"index, follow, max-snippet:-1, max-image-preview:large, max-video-preview:-1\" \/>\n<link rel=\"canonical\" href=\"https:\/\/gysfm.com.ar\/inicio\/javier-milei-cierra-con-un-discurso-el-evento-libertario-derecha-fest\/\" \/>\n<meta property=\"og:locale\" content=\"es_ES\" \/>\n<meta property=\"og:type\" content=\"article\" \/>\n<meta property=\"og:title\" content=\"Javier Milei cierra con un discurso el evento libertario \u201cDerecha Fest\u201d - GYS NOTICIAS |\" \/>\n<meta property=\"og:description\" content=\"Javier Milei es la gran figura de la Derecha Fest, el evento organizado por La Derecha Diario en el Hotel Quorum, de C\u00f3rdoba, donde disertar\u00e1 en un espacio denominado \u00abLa construcci\u00f3n del milagro\u00bb. Sus organizadores lo calificaron como \u00abel evento m\u00e1s anti-zurdo del mundo\u00bb. Erick Kammerath, analista pol\u00edtico, y Eliana Cere, columnista del canal de [&hellip;]\" \/>\n<meta property=\"og:url\" content=\"https:\/\/gysfm.com.ar\/inicio\/javier-milei-cierra-con-un-discurso-el-evento-libertario-derecha-fest\/\" \/>\n<meta property=\"og:site_name\" content=\"GYS NOTICIAS |\" \/>\n<meta property=\"article:published_time\" content=\"2025-07-23T02:04:09+00:00\" \/>\n<meta name=\"author\" content=\"Prensa G&amp;S FM\" \/>\n<meta name=\"twitter:card\" content=\"summary_large_image\" \/>\n<meta name=\"twitter:label1\" content=\"Escrito por\" \/>\n\t<meta name=\"twitter:data1\" content=\"Prensa G&amp;S FM\" \/>\n\t<meta name=\"twitter:label2\" content=\"Tiempo de lectura\" \/>\n\t<meta name=\"twitter:data2\" content=\"11 minutos\" \/>\n<script type=\"application\/ld+json\" class=\"yoast-schema-graph\">{\"@context\":\"https:\/\/schema.org\",\"@graph\":[{\"@type\":\"Article\",\"@id\":\"https:\/\/gysfm.com.ar\/inicio\/javier-milei-cierra-con-un-discurso-el-evento-libertario-derecha-fest\/#article\",\"isPartOf\":{\"@id\":\"https:\/\/gysfm.com.ar\/inicio\/javier-milei-cierra-con-un-discurso-el-evento-libertario-derecha-fest\/\"},\"author\":{\"name\":\"Prensa G&amp;S FM\",\"@id\":\"https:\/\/gysfm.com.ar\/inicio\/#\/schema\/person\/3abba7593ef2ad19e1be221d54383dc5\"},\"headline\":\"Javier Milei cierra con un discurso el evento libertario \u201cDerecha Fest\u201d\",\"datePublished\":\"2025-07-23T02:04:09+00:00\",\"mainEntityOfPage\":{\"@id\":\"https:\/\/gysfm.com.ar\/inicio\/javier-milei-cierra-con-un-discurso-el-evento-libertario-derecha-fest\/\"},\"wordCount\":2299,\"publisher\":{\"@id\":\"https:\/\/gysfm.com.ar\/inicio\/#organization\"},\"image\":{\"@id\":\"https:\/\/gysfm.com.ar\/inicio\/javier-milei-cierra-con-un-discurso-el-evento-libertario-derecha-fest\/#primaryimage\"},\"thumbnailUrl\":\"https:\/\/gysfm.com.ar\/inicio\/wp-content\/uploads\/2025\/07\/derecha-fest-2065753.jpg\",\"articleSection\":[\"NACIONALES\"],\"inLanguage\":\"es\"},{\"@type\":\"WebPage\",\"@id\":\"https:\/\/gysfm.com.ar\/inicio\/javier-milei-cierra-con-un-discurso-el-evento-libertario-derecha-fest\/\",\"url\":\"https:\/\/gysfm.com.ar\/inicio\/javier-milei-cierra-con-un-discurso-el-evento-libertario-derecha-fest\/\",\"name\":\"Javier Milei cierra con un discurso el evento libertario \u201cDerecha Fest\u201d - GYS NOTICIAS |\",\"isPartOf\":{\"@id\":\"https:\/\/gysfm.com.ar\/inicio\/#website\"},\"primaryImageOfPage\":{\"@id\":\"https:\/\/gysfm.com.ar\/inicio\/javier-milei-cierra-con-un-discurso-el-evento-libertario-derecha-fest\/#primaryimage\"},\"image\":{\"@id\":\"https:\/\/gysfm.com.ar\/inicio\/javier-milei-cierra-con-un-discurso-el-evento-libertario-derecha-fest\/#primaryimage\"},\"thumbnailUrl\":\"https:\/\/gysfm.com.ar\/inicio\/wp-content\/uploads\/2025\/07\/derecha-fest-2065753.jpg\",\"datePublished\":\"2025-07-23T02:04:09+00:00\",\"breadcrumb\":{\"@id\":\"https:\/\/gysfm.com.ar\/inicio\/javier-milei-cierra-con-un-discurso-el-evento-libertario-derecha-fest\/#breadcrumb\"},\"inLanguage\":\"es\",\"potentialAction\":[{\"@type\":\"ReadAction\",\"target\":[\"https:\/\/gysfm.com.ar\/inicio\/javier-milei-cierra-con-un-discurso-el-evento-libertario-derecha-fest\/\"]}]},{\"@type\":\"ImageObject\",\"inLanguage\":\"es\",\"@id\":\"https:\/\/gysfm.com.ar\/inicio\/javier-milei-cierra-con-un-discurso-el-evento-libertario-derecha-fest\/#primaryimage\",\"url\":\"https:\/\/gysfm.com.ar\/inicio\/wp-content\/uploads\/2025\/07\/derecha-fest-2065753.jpg\",\"contentUrl\":\"https:\/\/gysfm.com.ar\/inicio\/wp-content\/uploads\/2025\/07\/derecha-fest-2065753.jpg\",\"width\":1140,\"height\":641},{\"@type\":\"BreadcrumbList\",\"@id\":\"https:\/\/gysfm.com.ar\/inicio\/javier-milei-cierra-con-un-discurso-el-evento-libertario-derecha-fest\/#breadcrumb\",\"itemListElement\":[{\"@type\":\"ListItem\",\"position\":1,\"name\":\"Portada\",\"item\":\"https:\/\/gysfm.com.ar\/inicio\/\"},{\"@type\":\"ListItem\",\"position\":2,\"name\":\"Javier Milei cierra con un discurso el evento libertario \u201cDerecha Fest\u201d\"}]},{\"@type\":\"WebSite\",\"@id\":\"https:\/\/gysfm.com.ar\/inicio\/#website\",\"url\":\"https:\/\/gysfm.com.ar\/inicio\/\",\"name\":\"GYS NOTICIAS |\",\"description\":\"DIARIO - RADIO ONLINE SAN JUAN ARGENTINA\",\"publisher\":{\"@id\":\"https:\/\/gysfm.com.ar\/inicio\/#organization\"},\"potentialAction\":[{\"@type\":\"SearchAction\",\"target\":{\"@type\":\"EntryPoint\",\"urlTemplate\":\"https:\/\/gysfm.com.ar\/inicio\/?s={search_term_string}\"},\"query-input\":{\"@type\":\"PropertyValueSpecification\",\"valueRequired\":true,\"valueName\":\"search_term_string\"}}],\"inLanguage\":\"es\"},{\"@type\":\"Organization\",\"@id\":\"https:\/\/gysfm.com.ar\/inicio\/#organization\",\"name\":\"GYS NOTICIAS |\",\"url\":\"https:\/\/gysfm.com.ar\/inicio\/\",\"logo\":{\"@type\":\"ImageObject\",\"inLanguage\":\"es\",\"@id\":\"https:\/\/gysfm.com.ar\/inicio\/#\/schema\/logo\/image\/\",\"url\":\"https:\/\/gysfm.com.ar\/inicio\/wp-content\/uploads\/2023\/07\/LOGOGYS-OK.png\",\"contentUrl\":\"https:\/\/gysfm.com.ar\/inicio\/wp-content\/uploads\/2023\/07\/LOGOGYS-OK.png\",\"width\":1170,\"height\":872,\"caption\":\"GYS NOTICIAS |\"},\"image\":{\"@id\":\"https:\/\/gysfm.com.ar\/inicio\/#\/schema\/logo\/image\/\"}},{\"@type\":\"Person\",\"@id\":\"https:\/\/gysfm.com.ar\/inicio\/#\/schema\/person\/3abba7593ef2ad19e1be221d54383dc5\",\"name\":\"Prensa G&amp;S FM\",\"image\":{\"@type\":\"ImageObject\",\"inLanguage\":\"es\",\"@id\":\"https:\/\/gysfm.com.ar\/inicio\/#\/schema\/person\/image\/\",\"url\":\"https:\/\/secure.gravatar.com\/avatar\/096ec78df02049ab018702bb4ccedf659377fa92a26540b5247612077a0dbd29?s=96&d=mm&r=g\",\"contentUrl\":\"https:\/\/secure.gravatar.com\/avatar\/096ec78df02049ab018702bb4ccedf659377fa92a26540b5247612077a0dbd29?s=96&d=mm&r=g\",\"caption\":\"Prensa G&amp;S FM\"},\"sameAs\":[\"https:\/\/gysfm.com.ar\/\"],\"url\":\"https:\/\/gysfm.com.ar\/inicio\/author\/lucasm\/\"}]}<\/script>\n<!-- \/ Yoast SEO plugin. -->","yoast_head_json":{"title":"Javier Milei cierra con un discurso el evento libertario \u201cDerecha Fest\u201d - GYS NOTICIAS |","robots":{"index":"index","follow":"follow","max-snippet":"max-snippet:-1","max-image-preview":"max-image-preview:large","max-video-preview":"max-video-preview:-1"},"canonical":"https:\/\/gysfm.com.ar\/inicio\/javier-milei-cierra-con-un-discurso-el-evento-libertario-derecha-fest\/","og_locale":"es_ES","og_type":"article","og_title":"Javier Milei cierra con un discurso el evento libertario \u201cDerecha Fest\u201d - GYS NOTICIAS |","og_description":"Javier Milei es la gran figura de la Derecha Fest, el evento organizado por La Derecha Diario en el Hotel Quorum, de C\u00f3rdoba, donde disertar\u00e1 en un espacio denominado \u00abLa construcci\u00f3n del milagro\u00bb. Sus organizadores lo calificaron como \u00abel evento m\u00e1s anti-zurdo del mundo\u00bb. Erick Kammerath, analista pol\u00edtico, y Eliana Cere, columnista del canal de [&hellip;]","og_url":"https:\/\/gysfm.com.ar\/inicio\/javier-milei-cierra-con-un-discurso-el-evento-libertario-derecha-fest\/","og_site_name":"GYS NOTICIAS |","article_published_time":"2025-07-23T02:04:09+00:00","author":"Prensa G&amp;S FM","twitter_card":"summary_large_image","twitter_misc":{"Escrito por":"Prensa G&amp;S FM","Tiempo de lectura":"11 minutos"},"schema":{"@context":"https:\/\/schema.org","@graph":[{"@type":"Article","@id":"https:\/\/gysfm.com.ar\/inicio\/javier-milei-cierra-con-un-discurso-el-evento-libertario-derecha-fest\/#article","isPartOf":{"@id":"https:\/\/gysfm.com.ar\/inicio\/javier-milei-cierra-con-un-discurso-el-evento-libertario-derecha-fest\/"},"author":{"name":"Prensa G&amp;S FM","@id":"https:\/\/gysfm.com.ar\/inicio\/#\/schema\/person\/3abba7593ef2ad19e1be221d54383dc5"},"headline":"Javier Milei cierra con un discurso el evento libertario \u201cDerecha Fest\u201d","datePublished":"2025-07-23T02:04:09+00:00","mainEntityOfPage":{"@id":"https:\/\/gysfm.com.ar\/inicio\/javier-milei-cierra-con-un-discurso-el-evento-libertario-derecha-fest\/"},"wordCount":2299,"publisher":{"@id":"https:\/\/gysfm.com.ar\/inicio\/#organization"},"image":{"@id":"https:\/\/gysfm.com.ar\/inicio\/javier-milei-cierra-con-un-discurso-el-evento-libertario-derecha-fest\/#primaryimage"},"thumbnailUrl":"https:\/\/gysfm.com.ar\/inicio\/wp-content\/uploads\/2025\/07\/derecha-fest-2065753.jpg","articleSection":["NACIONALES"],"inLanguage":"es"},{"@type":"WebPage","@id":"https:\/\/gysfm.com.ar\/inicio\/javier-milei-cierra-con-un-discurso-el-evento-libertario-derecha-fest\/","url":"https:\/\/gysfm.com.ar\/inicio\/javier-milei-cierra-con-un-discurso-el-evento-libertario-derecha-fest\/","name":"Javier Milei cierra con un discurso el evento libertario \u201cDerecha Fest\u201d - GYS NOTICIAS |","isPartOf":{"@id":"https:\/\/gysfm.com.ar\/inicio\/#website"},"primaryImageOfPage":{"@id":"https:\/\/gysfm.com.ar\/inicio\/javier-milei-cierra-con-un-discurso-el-evento-libertario-derecha-fest\/#primaryimage"},"image":{"@id":"https:\/\/gysfm.com.ar\/inicio\/javier-milei-cierra-con-un-discurso-el-evento-libertario-derecha-fest\/#primaryimage"},"thumbnailUrl":"https:\/\/gysfm.com.ar\/inicio\/wp-content\/uploads\/2025\/07\/derecha-fest-2065753.jpg","datePublished":"2025-07-23T02:04:09+00:00","breadcrumb":{"@id":"https:\/\/gysfm.com.ar\/inicio\/javier-milei-cierra-con-un-discurso-el-evento-libertario-derecha-fest\/#breadcrumb"},"inLanguage":"es","potentialAction":[{"@type":"ReadAction","target":["https:\/\/gysfm.com.ar\/inicio\/javier-milei-cierra-con-un-discurso-el-evento-libertario-derecha-fest\/"]}]},{"@type":"ImageObject","inLanguage":"es","@id":"https:\/\/gysfm.com.ar\/inicio\/javier-milei-cierra-con-un-discurso-el-evento-libertario-derecha-fest\/#primaryimage","url":"https:\/\/gysfm.com.ar\/inicio\/wp-content\/uploads\/2025\/07\/derecha-fest-2065753.jpg","contentUrl":"https:\/\/gysfm.com.ar\/inicio\/wp-content\/uploads\/2025\/07\/derecha-fest-2065753.jpg","width":1140,"height":641},{"@type":"BreadcrumbList","@id":"https:\/\/gysfm.com.ar\/inicio\/javier-milei-cierra-con-un-discurso-el-evento-libertario-derecha-fest\/#breadcrumb","itemListElement":[{"@type":"ListItem","position":1,"name":"Portada","item":"https:\/\/gysfm.com.ar\/inicio\/"},{"@type":"ListItem","position":2,"name":"Javier Milei cierra con un discurso el evento libertario \u201cDerecha Fest\u201d"}]},{"@type":"WebSite","@id":"https:\/\/gysfm.com.ar\/inicio\/#website","url":"https:\/\/gysfm.com.ar\/inicio\/","name":"GYS NOTICIAS |","description":"DIARIO - RADIO ONLINE SAN JUAN ARGENTINA","publisher":{"@id":"https:\/\/gysfm.com.ar\/inicio\/#organization"},"potentialAction":[{"@type":"SearchAction","target":{"@type":"EntryPoint","urlTemplate":"https:\/\/gysfm.com.ar\/inicio\/?s={search_term_string}"},"query-input":{"@type":"PropertyValueSpecification","valueRequired":true,"valueName":"search_term_string"}}],"inLanguage":"es"},{"@type":"Organization","@id":"https:\/\/gysfm.com.ar\/inicio\/#organization","name":"GYS NOTICIAS |","url":"https:\/\/gysfm.com.ar\/inicio\/","logo":{"@type":"ImageObject","inLanguage":"es","@id":"https:\/\/gysfm.com.ar\/inicio\/#\/schema\/logo\/image\/","url":"https:\/\/gysfm.com.ar\/inicio\/wp-content\/uploads\/2023\/07\/LOGOGYS-OK.png","contentUrl":"https:\/\/gysfm.com.ar\/inicio\/wp-content\/uploads\/2023\/07\/LOGOGYS-OK.png","width":1170,"height":872,"caption":"GYS NOTICIAS |"},"image":{"@id":"https:\/\/gysfm.com.ar\/inicio\/#\/schema\/logo\/image\/"}},{"@type":"Person","@id":"https:\/\/gysfm.com.ar\/inicio\/#\/schema\/person\/3abba7593ef2ad19e1be221d54383dc5","name":"Prensa G&amp;S FM","image":{"@type":"ImageObject","inLanguage":"es","@id":"https:\/\/gysfm.com.ar\/inicio\/#\/schema\/person\/image\/","url":"https:\/\/secure.gravatar.com\/avatar\/096ec78df02049ab018702bb4ccedf659377fa92a26540b5247612077a0dbd29?s=96&d=mm&r=g","contentUrl":"https:\/\/secure.gravatar.com\/avatar\/096ec78df02049ab018702bb4ccedf659377fa92a26540b5247612077a0dbd29?s=96&d=mm&r=g","caption":"Prensa G&amp;S FM"},"sameAs":["https:\/\/gysfm.com.ar\/"],"url":"https:\/\/gysfm.com.ar\/inicio\/author\/lucasm\/"}]}},"_links":{"self":[{"href":"https:\/\/gysfm.com.ar\/inicio\/wp-json\/wp\/v2\/posts\/138563","targetHints":{"allow":["GET"]}}],"collection":[{"href":"https:\/\/gysfm.com.ar\/inicio\/wp-json\/wp\/v2\/posts"}],"about":[{"href":"https:\/\/gysfm.com.ar\/inicio\/wp-json\/wp\/v2\/types\/post"}],"author":[{"embeddable":true,"href":"https:\/\/gysfm.com.ar\/inicio\/wp-json\/wp\/v2\/users\/2"}],"replies":[{"embeddable":true,"href":"https:\/\/gysfm.com.ar\/inicio\/wp-json\/wp\/v2\/comments?post=138563"}],"version-history":[{"count":0,"href":"https:\/\/gysfm.com.ar\/inicio\/wp-json\/wp\/v2\/posts\/138563\/revisions"}],"wp:featuredmedia":[{"embeddable":true,"href":"https:\/\/gysfm.com.ar\/inicio\/wp-json\/wp\/v2\/media\/138564"}],"wp:attachment":[{"href":"https:\/\/gysfm.com.ar\/inicio\/wp-json\/wp\/v2\/media?parent=138563"}],"wp:term":[{"taxonomy":"category","embeddable":true,"href":"https:\/\/gysfm.com.ar\/inicio\/wp-json\/wp\/v2\/categories?post=138563"},{"taxonomy":"post_tag","embeddable":true,"href":"https:\/\/gysfm.com.ar\/inicio\/wp-json\/wp\/v2\/tags?post=138563"}],"curies":[{"name":"wp","href":"https:\/\/api.w.org\/{rel}","templated":true}]}}