{"id":138558,"date":"2025-07-22T22:33:09","date_gmt":"2025-07-23T01:33:09","guid":{"rendered":"https:\/\/gysfm.com.ar\/inicio\/murio-ozzy-osbourne-simbolo-del-heavy-metal-e-historico-lider-de-black-sabbath\/"},"modified":"2025-07-22T22:33:09","modified_gmt":"2025-07-23T01:33:09","slug":"murio-ozzy-osbourne-simbolo-del-heavy-metal-e-historico-lider-de-black-sabbath","status":"publish","type":"post","link":"https:\/\/gysfm.com.ar\/inicio\/murio-ozzy-osbourne-simbolo-del-heavy-metal-e-historico-lider-de-black-sabbath\/","title":{"rendered":"Muri\u00f3 Ozzy Osbourne, s\u00edmbolo del heavy metal e hist\u00f3rico l\u00edder de Black Sabbath"},"content":{"rendered":"<p><\/p>\n<div id=\"article-content\">\n<p>El ic\u00f3nico cantante de la banda de <a target=\"_blank\" href=\"https:\/\/www.perfil.com\/noticias\/protagonistas\/sexo-muchas-drogas-y-rock-and-roll-hasta-la-muerte-la-alocada-vida-de-ozzy-osbourne-y-el-legado-que-le-deja-a-la-musica.phtml\"><strong>heavy metal<\/strong> <strong>Black Sabbath<\/strong><\/a>, <strong>Ozzy Osbourne<\/strong>, muri\u00f3 este martes a los 76 a\u00f1os, seg\u00fan confirm\u00f3 su <strong>familia<\/strong> en un comunicado, donde expresaron que lo hizo \u00ab<strong>rodeado de amor<\/strong>\u00ab. Seg\u00fan fuentes cercanas al artista, conocido como el <strong>\u201cPr\u00edncipe de las Tinieblas\u201d<\/strong>, hab\u00eda enfrentado <strong>graves problemas de salud<\/strong> en los \u00faltimos a\u00f1os, incluyendo una dura lucha contra el <strong>mal de Parkinson<\/strong>, que lo oblig\u00f3 a retirarse de los escenarios y cancelar sus giras.<\/p>\n<p>Apenas semanas antes de su partida, volvi\u00f3 a los escenarios en un<strong> <a target=\"_blank\" href=\"https:\/\/fortuna.perfil.com\/noticias\/protagonistas-empresas\/la-fortuna-que-dejo-ozzy-osbourne-tras-su-fallecimiento.phtml\">show hist\u00f3rico en Villa Park<\/a><\/strong>, Birmingham, donde interpret\u00f3 cinco canciones junto a sus compa\u00f1eros de banda: <strong>Geezer Butler<\/strong>, <strong>Tony Iommi <\/strong>y<strong> Bill Ward<\/strong>. El concierto fue promocionado como \u201c<strong>el mejor show de heavy metal de la historia<\/strong>\u201d y desat\u00f3 la ovaci\u00f3n de miles de fan\u00e1ticos.<\/p>\n<div style=\"text-align:center\">\n<figure class=\"image\" style=\"display:inline-block\"><picture><source media=\"(max-width: 440px)\" srcset=\"https:\/\/fotos.perfil.com\/\/2025\/07\/22\/440\/0\/black-sabbath-2066204.jpg?webp\"\/><source media=\"(max-width: 1019px)\" srcset=\"https:\/\/fotos.perfil.com\/\/2025\/07\/22\/712\/0\/black-sabbath-2066204.jpg?webp\"\/><img decoding=\"async\" style=\"max-width: 100%; width: 100%;\" alt=\"Black-Sabbath\" src=\"https:\/\/fotos.perfil.com\/\/2025\/07\/22\/900\/0\/black-sabbath-2066204.jpg?webp\" loading=\"lazy\"\/><\/picture><figcaption><em>Black Sabbath, pioneros del heavy metal<\/em><\/figcaption><\/figure>\n<\/p><\/div>\n<p>El tambi\u00e9n compositor anunci\u00f3 que aquella ser\u00eda su <strong>\u00faltima actuaci\u00f3n a causa del deterioro de su<\/strong> <strong>salud<\/strong>, tras haber hablado abiertamente sobre su <strong>lucha contra el trastorno neurodegenerativo<\/strong> en 2020. Sobre el escenario, el artista se dirigi\u00f3 a la multitud desde un trono y dijo: \u00ab<strong>No tienen idea de c\u00f3mo me siento, gracias desde el fondo de mi coraz\u00f3n<\/strong>\u00ab.<\/p>\n<div class=\"subscription\">\n<p>\n        Esto no les gusta a los autoritarios\n    <\/p>\n<div class=\"subscription__container\">\n<div class=\"subscription__text-wrapper\">\n<p>\n                El ejercicio del periodismo profesional y cr\u00edtico es un pilar fundamental de la democracia. Por eso molesta a quienes creen ser los due\u00f1os de la verdad.\n            <\/p>\n<\/p><\/div><\/div>\n<\/div>\n<p>A modo de \u201c\u00faltima reverencia\u201d, se interpretaron \u00e9xitos como <strong>\u00abIron Man\u00bb<\/strong>, <strong>\u00abParanoid\u00bb<\/strong>, <strong>\u00abWar Pigs\u00bb<\/strong>, <strong>\u00abCrazy Train\u00bb<\/strong> y <strong>\u00abChanges\u00bb<\/strong>, tanto con la banda como en su carrera como solista. Entre los invitados estuvieron algunos de los grupos favoritos de Osbourne, como <strong>Metallica<\/strong> y <strong>Guns N&#8217; Roses<\/strong>.<\/p>\n<h2>As\u00ed fue la vida de Ozzy Osbourne, leyenda del heavy metal<\/h2>\n<p>El m\u00fasico brit\u00e1nico <strong>John Michael Osbourne<\/strong> se convirti\u00f3 en una leyenda del rock desde que, en la d\u00e9cada de 1970, se hizo conocido como la voz inconfundible de <strong>Black Sabbath<\/strong>, la banda pionera del heavy metal que revolucion\u00f3 el g\u00e9nero con su estilo oscuro y potente. A lo largo de su carrera, marc\u00f3 un antes y un despu\u00e9s en la m\u00fasica con cl\u00e1sicos como <strong>\u00abParanoid\u00bb<\/strong>, <strong>\u00abIron Man\u00bb<\/strong> y <strong>\u00abWar Pigs\u00bb<\/strong>, combinando un estilo vocal \u00fanico con una presencia esc\u00e9nica impactante.<\/p>\n<p>Siendo una de las bandas m\u00e1s influyentes de la \u00e9poca, en 1970 Black Sabbath se convirti\u00f3 en un grupo de culto tanto en Estados Unidos como en Reino Unido tras<a target=\"_blank\" href=\"https:\/\/www.google.com\/url?client=internal-element-cse&amp;cx=3978ceed87019a67c&amp;q=https:\/\/www.perfil.com\/noticias\/salud\/que-es-parkinson-enfermedad-que-padece-indio-solari-y-ozzy-osbourne.phtml&amp;sa=U&amp;ved=2ahUKEwjS3M3In9GOAxXXqZUCHa-DO1YQFnoECAUQAg&amp;usg=AOvVaw2q0Q9gwjxDLHajXpD-mn9u&amp;arm=e&amp;fexp=73019458,72986053,72986052,73019460\"> <strong>lanzar su primer \u00e1lbum hom\u00f3nimo<\/strong><\/a>. Aunque alcanzaron un \u00e9xito enorme, las tensiones internas terminaron provocando la <strong>salida de casi toda la formaci\u00f3n original<\/strong>.<\/p>\n<div style=\"text-align:center\">\n<figure class=\"image\" style=\"display:inline-block\"><picture><source media=\"(max-width: 440px)\" srcset=\"https:\/\/fotos.perfil.com\/\/2025\/07\/22\/440\/0\/ozzy-osbourne-2066225.jpg?webp\"\/><source media=\"(max-width: 1019px)\" srcset=\"https:\/\/fotos.perfil.com\/\/2025\/07\/22\/712\/0\/ozzy-osbourne-2066225.jpg?webp\"\/><img decoding=\"async\" style=\"max-width: 100%; width: 100%;\" alt=\"Ozzy Osbourne\" src=\"https:\/\/fotos.perfil.com\/\/2025\/07\/22\/900\/0\/ozzy-osbourne-2066225.jpg?webp\" loading=\"lazy\"\/><\/picture><figcaption><em>Ozzy Osbourne lanz\u00f3 en 1980 Blizzard of Ozz, su \u00e1lbum solista m\u00e1s exitoso<\/em><\/figcaption><\/figure>\n<\/p><\/div>\n<p>A pesar del \u00e9xito alcanzado, <strong>Ozzy dej\u00f3 la banda en 1978 <\/strong>a causa de su <strong>adicci\u00f3n a las drogas<\/strong>, un problema que tambi\u00e9n provoc\u00f3 la ruptura de su matrimonio con <strong>Thelma Mayfair<\/strong>, con quien tuvo dos hijos. El constante apoyo de su segunda esposa, Sharon Arden, y la ayuda de su padre le permitieron <strong>iniciar una exitosa carrera como solista<\/strong>, que alcanz\u00f3 un<strong> gran \u00e9xito con su \u00e1lbum de 1980<\/strong>, <em>Blizzard of Ozz<\/em>, especialmente reconocido por el tema <strong>\u201cCrazy Train\u201d<\/strong>.<\/p>\n<p>En 1992, anunci\u00f3 su retiro definitivo, pero cuatro a\u00f1os despu\u00e9s cre\u00f3 junto a Sharon <a target=\"_blank\" href=\"https:\/\/www.google.com\/url?client=internal-element-cse&amp;cx=3978ceed87019a67c&amp;q=https:\/\/www.perfil.com\/noticias\/empresas-y-protagonistas\/black-sabbath-se-despide-de-la-argentina-con-dos-shows-unicos.phtml&amp;sa=U&amp;ved=2ahUKEwjS3M3In9GOAxXXqZUCHa-DO1YQFnoECAEQAg&amp;usg=AOvVaw3ZFg2bXyWFz_NbdSr54b1a&amp;arm=e&amp;fexp=73019458,72986053,72986052,73019460\"><strong>el festival anual Ozzfest<\/strong><\/a>, que reuni\u00f3 a grandes artistas de heavy metal en giras exitosas por Estados Unidos y Europa. A partir de ese impulso renovado, Ozzy regres\u00f3 a la banda en 1999, y juntos ganaron un <strong>Grammy por la mejor interpretaci\u00f3n con la canci\u00f3n \u201cIron Man\u201d<\/strong>. Se <strong>repiti\u00f3 el galard\u00f3n en 2013 con el sencillo \u201cGod Is Dead?\u201d<\/strong> del \u00e1lbum 13.<\/p>\n<p>Sorprendi\u00f3 tambi\u00e9n en los 2000 al convertirse en estrella de la telerrealidad con el <strong>programa de MTV <\/strong>\u201c<strong>The Osbournes<\/strong>\u201d, que mostraba su vida familiar junto a Sharon y sus hijos, Kelly y Jack, y revel\u00f3 un lado m\u00e1s vulnerable y ca\u00f3tico del cantante. En esa mezcla de oscuridad, espect\u00e1culo y exposici\u00f3n, <strong>Ozzy logr\u00f3 reinventarse una y otra vez<\/strong>, sin alejarse del todo de los escenarios.<\/p>\n<p><em>MV<\/em><\/p>\n<\/p><\/div>\n<p><script>\n                !function(f,b,e,v,n,t,s)\n                {if(f.fbq)return;n=f.fbq=function(){n.callMethod?\n                    n.callMethod.apply(n,arguments):n.queue.push(arguments)};\n                    if(!f._fbq)f._fbq=n;n.push=n;n.loaded=!0;n.version='2.0';\n                    n.queue=[];t=b.createElement(e);t.async=!0;\n                    t.src=v;s=b.getElementsByTagName(e)[0];\n                    s.parentNode.insertBefore(t,s)}(window, document,'script',\n                    'https:\/\/connect.facebook.net\/en_US\/fbevents.js');\n                window.paywallConfig.facebook_pixel=\"1000228364089342\"\n            <\/script><\/p>\n","protected":false},"excerpt":{"rendered":"<p>El ic\u00f3nico cantante de la banda de heavy metal Black Sabbath, Ozzy Osbourne, muri\u00f3 este martes a los 76 a\u00f1os, seg\u00fan confirm\u00f3 su familia en un comunicado, donde expresaron que lo hizo \u00abrodeado de amor\u00ab. Seg\u00fan fuentes cercanas al artista, conocido como el \u201cPr\u00edncipe de las Tinieblas\u201d, hab\u00eda enfrentado graves problemas de salud en los [&hellip;]<\/p>\n","protected":false},"author":2,"featured_media":138559,"comment_status":"closed","ping_status":"closed","sticky":false,"template":"","format":"standard","meta":{"footnotes":""},"categories":[25],"tags":[],"class_list":["post-138558","post","type-post","status-publish","format-standard","has-post-thumbnail","hentry","category-nacionales"],"yoast_head":"<!-- This site is optimized with the Yoast SEO plugin v24.4 - https:\/\/yoast.com\/wordpress\/plugins\/seo\/ -->\n<title>Muri\u00f3 Ozzy Osbourne, s\u00edmbolo del heavy metal e hist\u00f3rico l\u00edder de Black Sabbath - GYS NOTICIAS |<\/title>\n<meta name=\"robots\" content=\"index, follow, max-snippet:-1, max-image-preview:large, max-video-preview:-1\" \/>\n<link rel=\"canonical\" href=\"https:\/\/gysfm.com.ar\/inicio\/murio-ozzy-osbourne-simbolo-del-heavy-metal-e-historico-lider-de-black-sabbath\/\" \/>\n<meta property=\"og:locale\" content=\"es_ES\" \/>\n<meta property=\"og:type\" content=\"article\" \/>\n<meta property=\"og:title\" content=\"Muri\u00f3 Ozzy Osbourne, s\u00edmbolo del heavy metal e hist\u00f3rico l\u00edder de Black Sabbath - GYS NOTICIAS |\" \/>\n<meta property=\"og:description\" content=\"El ic\u00f3nico cantante de la banda de heavy metal Black Sabbath, Ozzy Osbourne, muri\u00f3 este martes a los 76 a\u00f1os, seg\u00fan confirm\u00f3 su familia en un comunicado, donde expresaron que lo hizo \u00abrodeado de amor\u00ab. Seg\u00fan fuentes cercanas al artista, conocido como el \u201cPr\u00edncipe de las Tinieblas\u201d, hab\u00eda enfrentado graves problemas de salud en los [&hellip;]\" \/>\n<meta property=\"og:url\" content=\"https:\/\/gysfm.com.ar\/inicio\/murio-ozzy-osbourne-simbolo-del-heavy-metal-e-historico-lider-de-black-sabbath\/\" \/>\n<meta property=\"og:site_name\" content=\"GYS NOTICIAS |\" \/>\n<meta property=\"article:published_time\" content=\"2025-07-23T01:33:09+00:00\" \/>\n<meta property=\"og:image\" content=\"https:\/\/fotos.perfil.com\/\/2025\/07\/22\/900\/0\/black-sabbath-2066204.jpg?webp\" \/>\n<meta name=\"author\" content=\"Prensa G&amp;S FM\" \/>\n<meta name=\"twitter:card\" content=\"summary_large_image\" \/>\n<meta name=\"twitter:label1\" content=\"Escrito por\" \/>\n\t<meta name=\"twitter:data1\" content=\"Prensa G&amp;S FM\" \/>\n\t<meta name=\"twitter:label2\" content=\"Tiempo de lectura\" \/>\n\t<meta name=\"twitter:data2\" content=\"3 minutos\" \/>\n<script type=\"application\/ld+json\" class=\"yoast-schema-graph\">{\"@context\":\"https:\/\/schema.org\",\"@graph\":[{\"@type\":\"Article\",\"@id\":\"https:\/\/gysfm.com.ar\/inicio\/murio-ozzy-osbourne-simbolo-del-heavy-metal-e-historico-lider-de-black-sabbath\/#article\",\"isPartOf\":{\"@id\":\"https:\/\/gysfm.com.ar\/inicio\/murio-ozzy-osbourne-simbolo-del-heavy-metal-e-historico-lider-de-black-sabbath\/\"},\"author\":{\"name\":\"Prensa G&amp;S FM\",\"@id\":\"https:\/\/gysfm.com.ar\/inicio\/#\/schema\/person\/3abba7593ef2ad19e1be221d54383dc5\"},\"headline\":\"Muri\u00f3 Ozzy Osbourne, s\u00edmbolo del heavy metal e hist\u00f3rico l\u00edder de Black Sabbath\",\"datePublished\":\"2025-07-23T01:33:09+00:00\",\"mainEntityOfPage\":{\"@id\":\"https:\/\/gysfm.com.ar\/inicio\/murio-ozzy-osbourne-simbolo-del-heavy-metal-e-historico-lider-de-black-sabbath\/\"},\"wordCount\":703,\"publisher\":{\"@id\":\"https:\/\/gysfm.com.ar\/inicio\/#organization\"},\"image\":{\"@id\":\"https:\/\/gysfm.com.ar\/inicio\/murio-ozzy-osbourne-simbolo-del-heavy-metal-e-historico-lider-de-black-sabbath\/#primaryimage\"},\"thumbnailUrl\":\"https:\/\/gysfm.com.ar\/inicio\/wp-content\/uploads\/2025\/07\/ozzy-osbourne-22072025-2066187.jpg\",\"articleSection\":[\"NACIONALES\"],\"inLanguage\":\"es\"},{\"@type\":\"WebPage\",\"@id\":\"https:\/\/gysfm.com.ar\/inicio\/murio-ozzy-osbourne-simbolo-del-heavy-metal-e-historico-lider-de-black-sabbath\/\",\"url\":\"https:\/\/gysfm.com.ar\/inicio\/murio-ozzy-osbourne-simbolo-del-heavy-metal-e-historico-lider-de-black-sabbath\/\",\"name\":\"Muri\u00f3 Ozzy Osbourne, s\u00edmbolo del heavy metal e hist\u00f3rico l\u00edder de Black Sabbath - GYS NOTICIAS |\",\"isPartOf\":{\"@id\":\"https:\/\/gysfm.com.ar\/inicio\/#website\"},\"primaryImageOfPage\":{\"@id\":\"https:\/\/gysfm.com.ar\/inicio\/murio-ozzy-osbourne-simbolo-del-heavy-metal-e-historico-lider-de-black-sabbath\/#primaryimage\"},\"image\":{\"@id\":\"https:\/\/gysfm.com.ar\/inicio\/murio-ozzy-osbourne-simbolo-del-heavy-metal-e-historico-lider-de-black-sabbath\/#primaryimage\"},\"thumbnailUrl\":\"https:\/\/gysfm.com.ar\/inicio\/wp-content\/uploads\/2025\/07\/ozzy-osbourne-22072025-2066187.jpg\",\"datePublished\":\"2025-07-23T01:33:09+00:00\",\"breadcrumb\":{\"@id\":\"https:\/\/gysfm.com.ar\/inicio\/murio-ozzy-osbourne-simbolo-del-heavy-metal-e-historico-lider-de-black-sabbath\/#breadcrumb\"},\"inLanguage\":\"es\",\"potentialAction\":[{\"@type\":\"ReadAction\",\"target\":[\"https:\/\/gysfm.com.ar\/inicio\/murio-ozzy-osbourne-simbolo-del-heavy-metal-e-historico-lider-de-black-sabbath\/\"]}]},{\"@type\":\"ImageObject\",\"inLanguage\":\"es\",\"@id\":\"https:\/\/gysfm.com.ar\/inicio\/murio-ozzy-osbourne-simbolo-del-heavy-metal-e-historico-lider-de-black-sabbath\/#primaryimage\",\"url\":\"https:\/\/gysfm.com.ar\/inicio\/wp-content\/uploads\/2025\/07\/ozzy-osbourne-22072025-2066187.jpg\",\"contentUrl\":\"https:\/\/gysfm.com.ar\/inicio\/wp-content\/uploads\/2025\/07\/ozzy-osbourne-22072025-2066187.jpg\",\"width\":1140,\"height\":641},{\"@type\":\"BreadcrumbList\",\"@id\":\"https:\/\/gysfm.com.ar\/inicio\/murio-ozzy-osbourne-simbolo-del-heavy-metal-e-historico-lider-de-black-sabbath\/#breadcrumb\",\"itemListElement\":[{\"@type\":\"ListItem\",\"position\":1,\"name\":\"Portada\",\"item\":\"https:\/\/gysfm.com.ar\/inicio\/\"},{\"@type\":\"ListItem\",\"position\":2,\"name\":\"Muri\u00f3 Ozzy Osbourne, s\u00edmbolo del heavy metal e hist\u00f3rico l\u00edder de Black Sabbath\"}]},{\"@type\":\"WebSite\",\"@id\":\"https:\/\/gysfm.com.ar\/inicio\/#website\",\"url\":\"https:\/\/gysfm.com.ar\/inicio\/\",\"name\":\"GYS NOTICIAS |\",\"description\":\"DIARIO - RADIO ONLINE SAN JUAN ARGENTINA\",\"publisher\":{\"@id\":\"https:\/\/gysfm.com.ar\/inicio\/#organization\"},\"potentialAction\":[{\"@type\":\"SearchAction\",\"target\":{\"@type\":\"EntryPoint\",\"urlTemplate\":\"https:\/\/gysfm.com.ar\/inicio\/?s={search_term_string}\"},\"query-input\":{\"@type\":\"PropertyValueSpecification\",\"valueRequired\":true,\"valueName\":\"search_term_string\"}}],\"inLanguage\":\"es\"},{\"@type\":\"Organization\",\"@id\":\"https:\/\/gysfm.com.ar\/inicio\/#organization\",\"name\":\"GYS NOTICIAS |\",\"url\":\"https:\/\/gysfm.com.ar\/inicio\/\",\"logo\":{\"@type\":\"ImageObject\",\"inLanguage\":\"es\",\"@id\":\"https:\/\/gysfm.com.ar\/inicio\/#\/schema\/logo\/image\/\",\"url\":\"https:\/\/gysfm.com.ar\/inicio\/wp-content\/uploads\/2023\/07\/LOGOGYS-OK.png\",\"contentUrl\":\"https:\/\/gysfm.com.ar\/inicio\/wp-content\/uploads\/2023\/07\/LOGOGYS-OK.png\",\"width\":1170,\"height\":872,\"caption\":\"GYS NOTICIAS |\"},\"image\":{\"@id\":\"https:\/\/gysfm.com.ar\/inicio\/#\/schema\/logo\/image\/\"}},{\"@type\":\"Person\",\"@id\":\"https:\/\/gysfm.com.ar\/inicio\/#\/schema\/person\/3abba7593ef2ad19e1be221d54383dc5\",\"name\":\"Prensa G&amp;S FM\",\"image\":{\"@type\":\"ImageObject\",\"inLanguage\":\"es\",\"@id\":\"https:\/\/gysfm.com.ar\/inicio\/#\/schema\/person\/image\/\",\"url\":\"https:\/\/secure.gravatar.com\/avatar\/096ec78df02049ab018702bb4ccedf659377fa92a26540b5247612077a0dbd29?s=96&d=mm&r=g\",\"contentUrl\":\"https:\/\/secure.gravatar.com\/avatar\/096ec78df02049ab018702bb4ccedf659377fa92a26540b5247612077a0dbd29?s=96&d=mm&r=g\",\"caption\":\"Prensa G&amp;S FM\"},\"sameAs\":[\"https:\/\/gysfm.com.ar\/\"],\"url\":\"https:\/\/gysfm.com.ar\/inicio\/author\/lucasm\/\"}]}<\/script>\n<!-- \/ Yoast SEO plugin. -->","yoast_head_json":{"title":"Muri\u00f3 Ozzy Osbourne, s\u00edmbolo del heavy metal e hist\u00f3rico l\u00edder de Black Sabbath - GYS NOTICIAS |","robots":{"index":"index","follow":"follow","max-snippet":"max-snippet:-1","max-image-preview":"max-image-preview:large","max-video-preview":"max-video-preview:-1"},"canonical":"https:\/\/gysfm.com.ar\/inicio\/murio-ozzy-osbourne-simbolo-del-heavy-metal-e-historico-lider-de-black-sabbath\/","og_locale":"es_ES","og_type":"article","og_title":"Muri\u00f3 Ozzy Osbourne, s\u00edmbolo del heavy metal e hist\u00f3rico l\u00edder de Black Sabbath - GYS NOTICIAS |","og_description":"El ic\u00f3nico cantante de la banda de heavy metal Black Sabbath, Ozzy Osbourne, muri\u00f3 este martes a los 76 a\u00f1os, seg\u00fan confirm\u00f3 su familia en un comunicado, donde expresaron que lo hizo \u00abrodeado de amor\u00ab. Seg\u00fan fuentes cercanas al artista, conocido como el \u201cPr\u00edncipe de las Tinieblas\u201d, hab\u00eda enfrentado graves problemas de salud en los [&hellip;]","og_url":"https:\/\/gysfm.com.ar\/inicio\/murio-ozzy-osbourne-simbolo-del-heavy-metal-e-historico-lider-de-black-sabbath\/","og_site_name":"GYS NOTICIAS |","article_published_time":"2025-07-23T01:33:09+00:00","og_image":[{"url":"https:\/\/fotos.perfil.com\/\/2025\/07\/22\/900\/0\/black-sabbath-2066204.jpg?webp","type":"","width":"","height":""}],"author":"Prensa G&amp;S FM","twitter_card":"summary_large_image","twitter_misc":{"Escrito por":"Prensa G&amp;S FM","Tiempo de lectura":"3 minutos"},"schema":{"@context":"https:\/\/schema.org","@graph":[{"@type":"Article","@id":"https:\/\/gysfm.com.ar\/inicio\/murio-ozzy-osbourne-simbolo-del-heavy-metal-e-historico-lider-de-black-sabbath\/#article","isPartOf":{"@id":"https:\/\/gysfm.com.ar\/inicio\/murio-ozzy-osbourne-simbolo-del-heavy-metal-e-historico-lider-de-black-sabbath\/"},"author":{"name":"Prensa G&amp;S FM","@id":"https:\/\/gysfm.com.ar\/inicio\/#\/schema\/person\/3abba7593ef2ad19e1be221d54383dc5"},"headline":"Muri\u00f3 Ozzy Osbourne, s\u00edmbolo del heavy metal e hist\u00f3rico l\u00edder de Black Sabbath","datePublished":"2025-07-23T01:33:09+00:00","mainEntityOfPage":{"@id":"https:\/\/gysfm.com.ar\/inicio\/murio-ozzy-osbourne-simbolo-del-heavy-metal-e-historico-lider-de-black-sabbath\/"},"wordCount":703,"publisher":{"@id":"https:\/\/gysfm.com.ar\/inicio\/#organization"},"image":{"@id":"https:\/\/gysfm.com.ar\/inicio\/murio-ozzy-osbourne-simbolo-del-heavy-metal-e-historico-lider-de-black-sabbath\/#primaryimage"},"thumbnailUrl":"https:\/\/gysfm.com.ar\/inicio\/wp-content\/uploads\/2025\/07\/ozzy-osbourne-22072025-2066187.jpg","articleSection":["NACIONALES"],"inLanguage":"es"},{"@type":"WebPage","@id":"https:\/\/gysfm.com.ar\/inicio\/murio-ozzy-osbourne-simbolo-del-heavy-metal-e-historico-lider-de-black-sabbath\/","url":"https:\/\/gysfm.com.ar\/inicio\/murio-ozzy-osbourne-simbolo-del-heavy-metal-e-historico-lider-de-black-sabbath\/","name":"Muri\u00f3 Ozzy Osbourne, s\u00edmbolo del heavy metal e hist\u00f3rico l\u00edder de Black Sabbath - GYS NOTICIAS |","isPartOf":{"@id":"https:\/\/gysfm.com.ar\/inicio\/#website"},"primaryImageOfPage":{"@id":"https:\/\/gysfm.com.ar\/inicio\/murio-ozzy-osbourne-simbolo-del-heavy-metal-e-historico-lider-de-black-sabbath\/#primaryimage"},"image":{"@id":"https:\/\/gysfm.com.ar\/inicio\/murio-ozzy-osbourne-simbolo-del-heavy-metal-e-historico-lider-de-black-sabbath\/#primaryimage"},"thumbnailUrl":"https:\/\/gysfm.com.ar\/inicio\/wp-content\/uploads\/2025\/07\/ozzy-osbourne-22072025-2066187.jpg","datePublished":"2025-07-23T01:33:09+00:00","breadcrumb":{"@id":"https:\/\/gysfm.com.ar\/inicio\/murio-ozzy-osbourne-simbolo-del-heavy-metal-e-historico-lider-de-black-sabbath\/#breadcrumb"},"inLanguage":"es","potentialAction":[{"@type":"ReadAction","target":["https:\/\/gysfm.com.ar\/inicio\/murio-ozzy-osbourne-simbolo-del-heavy-metal-e-historico-lider-de-black-sabbath\/"]}]},{"@type":"ImageObject","inLanguage":"es","@id":"https:\/\/gysfm.com.ar\/inicio\/murio-ozzy-osbourne-simbolo-del-heavy-metal-e-historico-lider-de-black-sabbath\/#primaryimage","url":"https:\/\/gysfm.com.ar\/inicio\/wp-content\/uploads\/2025\/07\/ozzy-osbourne-22072025-2066187.jpg","contentUrl":"https:\/\/gysfm.com.ar\/inicio\/wp-content\/uploads\/2025\/07\/ozzy-osbourne-22072025-2066187.jpg","width":1140,"height":641},{"@type":"BreadcrumbList","@id":"https:\/\/gysfm.com.ar\/inicio\/murio-ozzy-osbourne-simbolo-del-heavy-metal-e-historico-lider-de-black-sabbath\/#breadcrumb","itemListElement":[{"@type":"ListItem","position":1,"name":"Portada","item":"https:\/\/gysfm.com.ar\/inicio\/"},{"@type":"ListItem","position":2,"name":"Muri\u00f3 Ozzy Osbourne, s\u00edmbolo del heavy metal e hist\u00f3rico l\u00edder de Black Sabbath"}]},{"@type":"WebSite","@id":"https:\/\/gysfm.com.ar\/inicio\/#website","url":"https:\/\/gysfm.com.ar\/inicio\/","name":"GYS NOTICIAS |","description":"DIARIO - RADIO ONLINE SAN JUAN ARGENTINA","publisher":{"@id":"https:\/\/gysfm.com.ar\/inicio\/#organization"},"potentialAction":[{"@type":"SearchAction","target":{"@type":"EntryPoint","urlTemplate":"https:\/\/gysfm.com.ar\/inicio\/?s={search_term_string}"},"query-input":{"@type":"PropertyValueSpecification","valueRequired":true,"valueName":"search_term_string"}}],"inLanguage":"es"},{"@type":"Organization","@id":"https:\/\/gysfm.com.ar\/inicio\/#organization","name":"GYS NOTICIAS |","url":"https:\/\/gysfm.com.ar\/inicio\/","logo":{"@type":"ImageObject","inLanguage":"es","@id":"https:\/\/gysfm.com.ar\/inicio\/#\/schema\/logo\/image\/","url":"https:\/\/gysfm.com.ar\/inicio\/wp-content\/uploads\/2023\/07\/LOGOGYS-OK.png","contentUrl":"https:\/\/gysfm.com.ar\/inicio\/wp-content\/uploads\/2023\/07\/LOGOGYS-OK.png","width":1170,"height":872,"caption":"GYS NOTICIAS |"},"image":{"@id":"https:\/\/gysfm.com.ar\/inicio\/#\/schema\/logo\/image\/"}},{"@type":"Person","@id":"https:\/\/gysfm.com.ar\/inicio\/#\/schema\/person\/3abba7593ef2ad19e1be221d54383dc5","name":"Prensa G&amp;S FM","image":{"@type":"ImageObject","inLanguage":"es","@id":"https:\/\/gysfm.com.ar\/inicio\/#\/schema\/person\/image\/","url":"https:\/\/secure.gravatar.com\/avatar\/096ec78df02049ab018702bb4ccedf659377fa92a26540b5247612077a0dbd29?s=96&d=mm&r=g","contentUrl":"https:\/\/secure.gravatar.com\/avatar\/096ec78df02049ab018702bb4ccedf659377fa92a26540b5247612077a0dbd29?s=96&d=mm&r=g","caption":"Prensa G&amp;S FM"},"sameAs":["https:\/\/gysfm.com.ar\/"],"url":"https:\/\/gysfm.com.ar\/inicio\/author\/lucasm\/"}]}},"_links":{"self":[{"href":"https:\/\/gysfm.com.ar\/inicio\/wp-json\/wp\/v2\/posts\/138558","targetHints":{"allow":["GET"]}}],"collection":[{"href":"https:\/\/gysfm.com.ar\/inicio\/wp-json\/wp\/v2\/posts"}],"about":[{"href":"https:\/\/gysfm.com.ar\/inicio\/wp-json\/wp\/v2\/types\/post"}],"author":[{"embeddable":true,"href":"https:\/\/gysfm.com.ar\/inicio\/wp-json\/wp\/v2\/users\/2"}],"replies":[{"embeddable":true,"href":"https:\/\/gysfm.com.ar\/inicio\/wp-json\/wp\/v2\/comments?post=138558"}],"version-history":[{"count":0,"href":"https:\/\/gysfm.com.ar\/inicio\/wp-json\/wp\/v2\/posts\/138558\/revisions"}],"wp:featuredmedia":[{"embeddable":true,"href":"https:\/\/gysfm.com.ar\/inicio\/wp-json\/wp\/v2\/media\/138559"}],"wp:attachment":[{"href":"https:\/\/gysfm.com.ar\/inicio\/wp-json\/wp\/v2\/media?parent=138558"}],"wp:term":[{"taxonomy":"category","embeddable":true,"href":"https:\/\/gysfm.com.ar\/inicio\/wp-json\/wp\/v2\/categories?post=138558"},{"taxonomy":"post_tag","embeddable":true,"href":"https:\/\/gysfm.com.ar\/inicio\/wp-json\/wp\/v2\/tags?post=138558"}],"curies":[{"name":"wp","href":"https:\/\/api.w.org\/{rel}","templated":true}]}}