{"id":138555,"date":"2025-07-22T21:45:29","date_gmt":"2025-07-23T00:45:29","guid":{"rendered":"https:\/\/gysfm.com.ar\/inicio\/los-negocios-marcan-el-ritmo-de-la-exposicion-rural-con-ventas-en-diversos-rubros\/"},"modified":"2025-07-22T21:45:30","modified_gmt":"2025-07-23T00:45:30","slug":"los-negocios-marcan-el-ritmo-de-la-exposicion-rural-con-ventas-en-diversos-rubros","status":"publish","type":"post","link":"https:\/\/gysfm.com.ar\/inicio\/los-negocios-marcan-el-ritmo-de-la-exposicion-rural-con-ventas-en-diversos-rubros\/","title":{"rendered":"Los negocios marcan el ritmo de la Exposici\u00f3n Rural con ventas en diversos rubros"},"content":{"rendered":"<p><\/p>\n<div>\n<p class=\"com-paragraph  --capital --s\">En una jornada con una importante concurrencia de p\u00fablico, la <strong>Exposici\u00f3n Rural de Palermo<\/strong> toma impulso con negocios concretados y consultas por operaciones por parte de productores y empresarios del agro. Empresas de maquinaria agr\u00edcola coincidieron en que, <strong>pese a una determinada cautela en el mercado<\/strong>, los <strong>productores muestran inter\u00e9s real <\/strong>por renovar equipos e <strong>invertir en tecnolog\u00eda. <\/strong>Hay<strong> <\/strong>demanda para equipos ganaderos ante buenas expectativas en la actividad. <\/p>\n<p class=\"com-paragraph   --s\"><strong>Jos\u00e9 Queiroz<\/strong>, director comercial de <strong>New Holland Argentina,<\/strong> destac\u00f3 que la firma trajo a la muestra tres modelos de tractores orientados a <strong>la ganader\u00eda y el forraje,<\/strong> incluyendo un tractor T6, producido en C\u00f3rdoba, y un<strong> TL5, importado de Brasil,<\/strong> pensado para todo tipo de tareas. Adem\u00e1s, <strong>presentaron la picadora FR650<\/strong>. Queiroz destac\u00f3 que <strong>\u201clos primeros dos d\u00edas de la semana pasada de la feria fueron muy activos\u201d, con muchas \u201cconsultas y negocios concretados ac\u00e1\u201d. Este dinamismo lo mostraron productores ganaderos y picadores de forrajes. <\/strong><\/p>\n<p class=\"com-paragraph   --s\"><strong>Queiroz reconoci\u00f3 que hay \u201cun mercado cauteloso\u201d, pero con \u201cproductores dispuestos a invertir,<\/strong> especialmente quienes est\u00e1n produciendo bien este a\u00f1o\u00bb. Resalt\u00f3 que la apertura del mercado y la mayor disponibilidad de equipos importados, sobre todo para forraje, ofrecen oportunidades. <\/p>\n<div class=\"content-media\">\n<section role=\"button\" class=\"mod-media   \">\n<figure role=\"button\" class=\"mod-figure \"><figcaption class=\"mod-figcaption\"><span class=\"com-text --caption --twoxs\">Jos\u00e9 Queiroz, director comercial de New Holland Argentina<\/span><span class=\"com-text --credit --twoxs\">Gentileza New Holland <\/span><\/figcaption><\/figure>\n<\/section>\n<\/div>\n<p class=\"com-paragraph   --s\"><strong>Sergio Vera<\/strong>, director comercial de <strong>Case Argentina,<\/strong> destac\u00f3 que la<strong> Exposici\u00f3n Rural<\/strong> es una vidriera para mostrar sus productos, que ahora <strong>pueden completar no solo con lo fabricado en su planta modelo en C\u00f3rdoba<\/strong>, sino tambi\u00e9n con equipos importados de otros pa\u00edses. Este a\u00f1o relanzaron un modelo de cosechadora, <strong>de la serie 160, <\/strong>que no estaba disponible en el pa\u00eds desde hace m\u00e1s de cuatro a\u00f1os.<strong> Vera dijo que \u201cel productor argentino<\/strong> es hist\u00f3ricamente un <em>\u2018early adopter\u2019 <\/em>de tecnolog\u00eda y que<strong> la marca apuesta fuerte por llevar innovaciones como drones para pulverizaci\u00f3n, tractores el\u00e9ctricos<\/strong> y sistemas aut\u00f3nomos, adaptando la inteligencia artificial y agron\u00f3mica para mejorar la productividad y acelerar el retorno de inversi\u00f3n\u00bb.<\/p>\n<div class=\"content-media\">\n<section role=\"button\" class=\"mod-media   \">\n<figure role=\"button\" class=\"mod-figure \"><figcaption class=\"mod-figcaption\"><span class=\"com-text --caption --twoxs\">Hay buenas expectativas por los negocios. Noelia Guevara<\/span><\/figcaption><\/figure>\n<\/section>\n<\/div>\n<p class=\"com-paragraph   --s\">Sobre el clima de negocios en la feria, cont\u00f3 que <strong>la cantidad de consultas \u201ces similar a la del a\u00f1o pasado, con una fuerte afluencia de p\u00fablico y filas para entrar\u201d,<\/strong> lo que considera \u201causpicioso\u201d. Adem\u00e1s, puso \u00e9nfasis en las condiciones de financiamiento ofrecidas a trav\u00e9s del brazo financiero <strong>CNH Capital <\/strong>y alianzas con bancos p\u00fablicos y privados, adaptando los cr\u00e9ditos a la diversidad de flujos de fondos de los productores en todo el pa\u00eds. <\/p>\n<div class=\"content-media\">\n<section role=\"button\" class=\"mod-media   \">\n<figure role=\"button\" class=\"mod-figure \"><figcaption class=\"mod-figcaption\"><span class=\"com-text --caption --twoxs\">Sergio Vera, director Comercial de Case Argentina<\/span><span class=\"com-text --credit --twoxs\">Gentileza Case<\/span><\/figcaption><\/figure>\n<\/section>\n<\/div>\n<p class=\"com-paragraph   --s\">En tanto, <strong>Emiliano Ferrari,<\/strong> gerente de ventas de<strong> Valtra para la regi\u00f3n hispanoamericana, explic\u00f3 que en esta muestra <\/strong>trajeron desde tractores fruteros de baja potencia, <strong>con motores eficientes y bajos consumos, hasta modelos de media potencia orientados a la ganader\u00eda,<\/strong> principal foco de la muestra. Destac\u00f3 que hay <strong>\u201cuna expectativa positiva para el sector ganadero este a\u00f1o\u201d. <\/strong><\/p>\n<p class=\"com-paragraph   --s\">Sobre la competencia creciente de maquinaria importada, principalmente de China, India y Jap\u00f3n, expres\u00f3 que <strong>el mercado se volvi\u00f3 m\u00e1s desafiante. No obstante subray\u00f3 que la marca tiene diversas fortalezas para competir y remarc\u00f3: \u201cSu ventaja est\u00e1 en la tecnolog\u00eda frente a productos importados que compiten m\u00e1s por precio que por innovaci\u00f3n\u201d.<\/strong><\/p>\n<div class=\"content-media\">\n<section role=\"button\" class=\"mod-media   \">\n<figure role=\"button\" class=\"mod-figure \"><figcaption class=\"mod-figcaption\"><span class=\"com-text --caption --twoxs\">Emiliano Ferrari, gerente de ventas para la marca Valtra<\/span><\/figcaption><\/figure>\n<\/section>\n<\/div>\n<p class=\"com-paragraph   --s\">En tanto, <strong>Facundo Rocha,<\/strong> gerente general de <strong>C\u00e1maras Wi-Fi<\/strong>, resalt\u00f3 que esta es su quinta participaci\u00f3n consecutiva, donde presentan c\u00e1maras de vigilancia con energ\u00eda solar dise\u00f1adas especialmente para el agro. Aclar\u00f3 que, si bien todav\u00eda es pronto para hacer un balance final,<strong> el p\u00fablico que se ha acercado este a\u00f1o ha sido m\u00e1s af\u00edn a sus productos,<\/strong> principalmente productores agropecuarios interesados en conocer novedades tecnol\u00f3gicas y capacitarse. Con respecto del a\u00f1o pasado, las consultas han sido duplicadas. <\/p>\n<p class=\"com-paragraph   --s\">Las c\u00e1maras solares son 100% aut\u00f3nomas, explic\u00f3, no requieren energ\u00eda externa, ni se\u00f1al de internet convencional, ya que generan su propia conexi\u00f3n. <strong>Esto permite a los productores, dijo, monitorear en tiempo real sus establecimientos, recibir alertas autom\u00e1ticas sobre movimientos de animales o aperturas de tranquera, todo desde el celular.<\/strong> Rocha subray\u00f3 que \u201cesta tecnolog\u00eda, antes considerada un lujo, hoy es vista como indispensable para seguridad y gesti\u00f3n eficiente, con un costo accesible que representa una m\u00ednima fracci\u00f3n del valor de la producci\u00f3n que protege\u201d. <\/p>\n<div class=\"content-media\">\n<section role=\"button\" class=\"mod-media   \">\n<figure role=\"button\" class=\"mod-figure \"><figcaption class=\"mod-figcaption\"><span class=\"com-text --caption --twoxs\">Facundo Rocha, gerente general de C\u00e1maras Wi-Fi<\/span><\/figcaption><\/figure>\n<\/section>\n<\/div>\n<p class=\"com-paragraph   --s\"><strong>Walter Ju\u00e1rez <\/strong>vino desde Estancia Norte en <strong>San Crist\u00f3bal<\/strong>, Santa Fe. Ante una consulta destac\u00f3 que la venta de <strong>productos t\u00edpicos de campo <\/strong>\u2014<strong>sombreros, boinas, bombachas, mates, cuchiller\u00eda y calzado<\/strong>\u2014 \u201c<strong>arranc\u00f3 mucho mejor que el a\u00f1o pasado, con un aumento estimado del 20 al 30%<\/strong>\u201d. Explic\u00f3 que el incremento se debe principalmente a la <strong>mayor afluencia <\/strong>de p\u00fablico en esta edici\u00f3n, as\u00ed como a <strong>\u201cun stand m\u00e1s amplio y mejor ubicado, que facilita el ingreso y la visibilidad de los visitantes\u201d.<\/strong><\/p>\n<p class=\"com-paragraph   --s\">Entre los productos m\u00e1s demandados, Ju\u00e1rez destac\u00f3 <strong>la boina, que sigue siendo \u201cel caballito de batalla\u201d por excelencia que \u201cest\u00e1 de moda\u201d,<\/strong> <strong>con un precio est\u00e1ndar de alrededor de 15.000 pesos. <\/strong>Tambi\u00e9n mencion\u00f3 una amplia variedad de sombreros, con precios que van desde $85.000 hasta 290.000 pesos, en distintos materiales y marcas reconocidas. <\/p>\n<div class=\"content-media\">\n<section role=\"button\" class=\"mod-media   \">\n<figure role=\"button\" class=\"mod-figure \"><figcaption class=\"mod-figcaption\"><span class=\"com-text --caption --twoxs\">Walter Ju\u00e1rez, de Estancia Norte, en Santa Fe<\/span><\/figcaption><\/figure>\n<\/section>\n<\/div>\n<section class=\"container-center-100 mb-40 border border-bottom border-thin border-neutral-light-700\">\n<hr\/>\n<\/section>\n<\/div>\n","protected":false},"excerpt":{"rendered":"<p>En una jornada con una importante concurrencia de p\u00fablico, la Exposici\u00f3n Rural de Palermo toma impulso con negocios concretados y consultas por operaciones por parte de productores y empresarios del agro. Empresas de maquinaria agr\u00edcola coincidieron en que, pese a una determinada cautela en el mercado, los productores muestran inter\u00e9s real por renovar equipos e [&hellip;]<\/p>\n","protected":false},"author":1,"featured_media":138556,"comment_status":"closed","ping_status":"closed","sticky":false,"template":"","format":"standard","meta":{"footnotes":""},"categories":[28],"tags":[],"class_list":["post-138555","post","type-post","status-publish","format-standard","has-post-thumbnail","hentry","category-economia"],"yoast_head":"<!-- This site is optimized with the Yoast SEO plugin v24.4 - https:\/\/yoast.com\/wordpress\/plugins\/seo\/ -->\n<title>Los negocios marcan el ritmo de la Exposici\u00f3n Rural con ventas en diversos rubros - GYS NOTICIAS |<\/title>\n<meta name=\"robots\" content=\"index, follow, max-snippet:-1, max-image-preview:large, max-video-preview:-1\" \/>\n<link rel=\"canonical\" href=\"https:\/\/gysfm.com.ar\/inicio\/los-negocios-marcan-el-ritmo-de-la-exposicion-rural-con-ventas-en-diversos-rubros\/\" \/>\n<meta property=\"og:locale\" content=\"es_ES\" \/>\n<meta property=\"og:type\" content=\"article\" \/>\n<meta property=\"og:title\" content=\"Los negocios marcan el ritmo de la Exposici\u00f3n Rural con ventas en diversos rubros - GYS NOTICIAS |\" \/>\n<meta property=\"og:description\" content=\"En una jornada con una importante concurrencia de p\u00fablico, la Exposici\u00f3n Rural de Palermo toma impulso con negocios concretados y consultas por operaciones por parte de productores y empresarios del agro. Empresas de maquinaria agr\u00edcola coincidieron en que, pese a una determinada cautela en el mercado, los productores muestran inter\u00e9s real por renovar equipos e [&hellip;]\" \/>\n<meta property=\"og:url\" content=\"https:\/\/gysfm.com.ar\/inicio\/los-negocios-marcan-el-ritmo-de-la-exposicion-rural-con-ventas-en-diversos-rubros\/\" \/>\n<meta property=\"og:site_name\" content=\"GYS NOTICIAS |\" \/>\n<meta property=\"article:published_time\" content=\"2025-07-23T00:45:29+00:00\" \/>\n<meta property=\"article:modified_time\" content=\"2025-07-23T00:45:30+00:00\" \/>\n<meta property=\"og:image\" content=\"https:\/\/gysfm.com.ar\/inicio\/wp-content\/uploads\/2025\/07\/reportaje-german-pereyra-rural-de-palermo-2025-Z2ECEWOWGVDKTIXUZB55ENQKZM.JPG\" \/>\n\t<meta property=\"og:image:width\" content=\"1200\" \/>\n\t<meta property=\"og:image:height\" content=\"801\" \/>\n\t<meta property=\"og:image:type\" content=\"image\/jpeg\" \/>\n<meta name=\"author\" content=\"admin\" \/>\n<meta name=\"twitter:card\" content=\"summary_large_image\" \/>\n<meta name=\"twitter:label1\" content=\"Escrito por\" \/>\n\t<meta name=\"twitter:data1\" content=\"admin\" \/>\n\t<meta name=\"twitter:label2\" content=\"Tiempo de lectura\" \/>\n\t<meta name=\"twitter:data2\" content=\"5 minutos\" \/>\n<script type=\"application\/ld+json\" class=\"yoast-schema-graph\">{\"@context\":\"https:\/\/schema.org\",\"@graph\":[{\"@type\":\"Article\",\"@id\":\"https:\/\/gysfm.com.ar\/inicio\/los-negocios-marcan-el-ritmo-de-la-exposicion-rural-con-ventas-en-diversos-rubros\/#article\",\"isPartOf\":{\"@id\":\"https:\/\/gysfm.com.ar\/inicio\/los-negocios-marcan-el-ritmo-de-la-exposicion-rural-con-ventas-en-diversos-rubros\/\"},\"author\":{\"name\":\"admin\",\"@id\":\"https:\/\/gysfm.com.ar\/inicio\/#\/schema\/person\/5bedd7ecd35cc35548d89effafa23696\"},\"headline\":\"Los negocios marcan el ritmo de la Exposici\u00f3n Rural con ventas en diversos rubros\",\"datePublished\":\"2025-07-23T00:45:29+00:00\",\"dateModified\":\"2025-07-23T00:45:30+00:00\",\"mainEntityOfPage\":{\"@id\":\"https:\/\/gysfm.com.ar\/inicio\/los-negocios-marcan-el-ritmo-de-la-exposicion-rural-con-ventas-en-diversos-rubros\/\"},\"wordCount\":923,\"publisher\":{\"@id\":\"https:\/\/gysfm.com.ar\/inicio\/#organization\"},\"image\":{\"@id\":\"https:\/\/gysfm.com.ar\/inicio\/los-negocios-marcan-el-ritmo-de-la-exposicion-rural-con-ventas-en-diversos-rubros\/#primaryimage\"},\"thumbnailUrl\":\"https:\/\/gysfm.com.ar\/inicio\/wp-content\/uploads\/2025\/07\/reportaje-german-pereyra-rural-de-palermo-2025-Z2ECEWOWGVDKTIXUZB55ENQKZM.JPG\",\"articleSection\":[\"ECONOMIA\"],\"inLanguage\":\"es\"},{\"@type\":\"WebPage\",\"@id\":\"https:\/\/gysfm.com.ar\/inicio\/los-negocios-marcan-el-ritmo-de-la-exposicion-rural-con-ventas-en-diversos-rubros\/\",\"url\":\"https:\/\/gysfm.com.ar\/inicio\/los-negocios-marcan-el-ritmo-de-la-exposicion-rural-con-ventas-en-diversos-rubros\/\",\"name\":\"Los negocios marcan el ritmo de la Exposici\u00f3n Rural con ventas en diversos rubros - GYS NOTICIAS |\",\"isPartOf\":{\"@id\":\"https:\/\/gysfm.com.ar\/inicio\/#website\"},\"primaryImageOfPage\":{\"@id\":\"https:\/\/gysfm.com.ar\/inicio\/los-negocios-marcan-el-ritmo-de-la-exposicion-rural-con-ventas-en-diversos-rubros\/#primaryimage\"},\"image\":{\"@id\":\"https:\/\/gysfm.com.ar\/inicio\/los-negocios-marcan-el-ritmo-de-la-exposicion-rural-con-ventas-en-diversos-rubros\/#primaryimage\"},\"thumbnailUrl\":\"https:\/\/gysfm.com.ar\/inicio\/wp-content\/uploads\/2025\/07\/reportaje-german-pereyra-rural-de-palermo-2025-Z2ECEWOWGVDKTIXUZB55ENQKZM.JPG\",\"datePublished\":\"2025-07-23T00:45:29+00:00\",\"dateModified\":\"2025-07-23T00:45:30+00:00\",\"breadcrumb\":{\"@id\":\"https:\/\/gysfm.com.ar\/inicio\/los-negocios-marcan-el-ritmo-de-la-exposicion-rural-con-ventas-en-diversos-rubros\/#breadcrumb\"},\"inLanguage\":\"es\",\"potentialAction\":[{\"@type\":\"ReadAction\",\"target\":[\"https:\/\/gysfm.com.ar\/inicio\/los-negocios-marcan-el-ritmo-de-la-exposicion-rural-con-ventas-en-diversos-rubros\/\"]}]},{\"@type\":\"ImageObject\",\"inLanguage\":\"es\",\"@id\":\"https:\/\/gysfm.com.ar\/inicio\/los-negocios-marcan-el-ritmo-de-la-exposicion-rural-con-ventas-en-diversos-rubros\/#primaryimage\",\"url\":\"https:\/\/gysfm.com.ar\/inicio\/wp-content\/uploads\/2025\/07\/reportaje-german-pereyra-rural-de-palermo-2025-Z2ECEWOWGVDKTIXUZB55ENQKZM.JPG\",\"contentUrl\":\"https:\/\/gysfm.com.ar\/inicio\/wp-content\/uploads\/2025\/07\/reportaje-german-pereyra-rural-de-palermo-2025-Z2ECEWOWGVDKTIXUZB55ENQKZM.JPG\",\"width\":1200,\"height\":801},{\"@type\":\"BreadcrumbList\",\"@id\":\"https:\/\/gysfm.com.ar\/inicio\/los-negocios-marcan-el-ritmo-de-la-exposicion-rural-con-ventas-en-diversos-rubros\/#breadcrumb\",\"itemListElement\":[{\"@type\":\"ListItem\",\"position\":1,\"name\":\"Portada\",\"item\":\"https:\/\/gysfm.com.ar\/inicio\/\"},{\"@type\":\"ListItem\",\"position\":2,\"name\":\"Los negocios marcan el ritmo de la Exposici\u00f3n Rural con ventas en diversos rubros\"}]},{\"@type\":\"WebSite\",\"@id\":\"https:\/\/gysfm.com.ar\/inicio\/#website\",\"url\":\"https:\/\/gysfm.com.ar\/inicio\/\",\"name\":\"GYS NOTICIAS |\",\"description\":\"DIARIO - RADIO ONLINE SAN JUAN ARGENTINA\",\"publisher\":{\"@id\":\"https:\/\/gysfm.com.ar\/inicio\/#organization\"},\"potentialAction\":[{\"@type\":\"SearchAction\",\"target\":{\"@type\":\"EntryPoint\",\"urlTemplate\":\"https:\/\/gysfm.com.ar\/inicio\/?s={search_term_string}\"},\"query-input\":{\"@type\":\"PropertyValueSpecification\",\"valueRequired\":true,\"valueName\":\"search_term_string\"}}],\"inLanguage\":\"es\"},{\"@type\":\"Organization\",\"@id\":\"https:\/\/gysfm.com.ar\/inicio\/#organization\",\"name\":\"GYS NOTICIAS |\",\"url\":\"https:\/\/gysfm.com.ar\/inicio\/\",\"logo\":{\"@type\":\"ImageObject\",\"inLanguage\":\"es\",\"@id\":\"https:\/\/gysfm.com.ar\/inicio\/#\/schema\/logo\/image\/\",\"url\":\"https:\/\/gysfm.com.ar\/inicio\/wp-content\/uploads\/2023\/07\/LOGOGYS-OK.png\",\"contentUrl\":\"https:\/\/gysfm.com.ar\/inicio\/wp-content\/uploads\/2023\/07\/LOGOGYS-OK.png\",\"width\":1170,\"height\":872,\"caption\":\"GYS NOTICIAS |\"},\"image\":{\"@id\":\"https:\/\/gysfm.com.ar\/inicio\/#\/schema\/logo\/image\/\"}},{\"@type\":\"Person\",\"@id\":\"https:\/\/gysfm.com.ar\/inicio\/#\/schema\/person\/5bedd7ecd35cc35548d89effafa23696\",\"name\":\"admin\",\"image\":{\"@type\":\"ImageObject\",\"inLanguage\":\"es\",\"@id\":\"https:\/\/gysfm.com.ar\/inicio\/#\/schema\/person\/image\/\",\"url\":\"https:\/\/secure.gravatar.com\/avatar\/c331d312b5243fb64d5ba28108a447b27c925295129a363082c9ea52c28d32c2?s=96&d=mm&r=g\",\"contentUrl\":\"https:\/\/secure.gravatar.com\/avatar\/c331d312b5243fb64d5ba28108a447b27c925295129a363082c9ea52c28d32c2?s=96&d=mm&r=g\",\"caption\":\"admin\"},\"sameAs\":[\"https:\/\/gysfm.com.ar\/inicio\"],\"url\":\"https:\/\/gysfm.com.ar\/inicio\/author\/admin\/\"}]}<\/script>\n<!-- \/ Yoast SEO plugin. -->","yoast_head_json":{"title":"Los negocios marcan el ritmo de la Exposici\u00f3n Rural con ventas en diversos rubros - GYS NOTICIAS |","robots":{"index":"index","follow":"follow","max-snippet":"max-snippet:-1","max-image-preview":"max-image-preview:large","max-video-preview":"max-video-preview:-1"},"canonical":"https:\/\/gysfm.com.ar\/inicio\/los-negocios-marcan-el-ritmo-de-la-exposicion-rural-con-ventas-en-diversos-rubros\/","og_locale":"es_ES","og_type":"article","og_title":"Los negocios marcan el ritmo de la Exposici\u00f3n Rural con ventas en diversos rubros - GYS NOTICIAS |","og_description":"En una jornada con una importante concurrencia de p\u00fablico, la Exposici\u00f3n Rural de Palermo toma impulso con negocios concretados y consultas por operaciones por parte de productores y empresarios del agro. Empresas de maquinaria agr\u00edcola coincidieron en que, pese a una determinada cautela en el mercado, los productores muestran inter\u00e9s real por renovar equipos e [&hellip;]","og_url":"https:\/\/gysfm.com.ar\/inicio\/los-negocios-marcan-el-ritmo-de-la-exposicion-rural-con-ventas-en-diversos-rubros\/","og_site_name":"GYS NOTICIAS |","article_published_time":"2025-07-23T00:45:29+00:00","article_modified_time":"2025-07-23T00:45:30+00:00","og_image":[{"width":1200,"height":801,"url":"https:\/\/gysfm.com.ar\/inicio\/wp-content\/uploads\/2025\/07\/reportaje-german-pereyra-rural-de-palermo-2025-Z2ECEWOWGVDKTIXUZB55ENQKZM.JPG","type":"image\/jpeg"}],"author":"admin","twitter_card":"summary_large_image","twitter_misc":{"Escrito por":"admin","Tiempo de lectura":"5 minutos"},"schema":{"@context":"https:\/\/schema.org","@graph":[{"@type":"Article","@id":"https:\/\/gysfm.com.ar\/inicio\/los-negocios-marcan-el-ritmo-de-la-exposicion-rural-con-ventas-en-diversos-rubros\/#article","isPartOf":{"@id":"https:\/\/gysfm.com.ar\/inicio\/los-negocios-marcan-el-ritmo-de-la-exposicion-rural-con-ventas-en-diversos-rubros\/"},"author":{"name":"admin","@id":"https:\/\/gysfm.com.ar\/inicio\/#\/schema\/person\/5bedd7ecd35cc35548d89effafa23696"},"headline":"Los negocios marcan el ritmo de la Exposici\u00f3n Rural con ventas en diversos rubros","datePublished":"2025-07-23T00:45:29+00:00","dateModified":"2025-07-23T00:45:30+00:00","mainEntityOfPage":{"@id":"https:\/\/gysfm.com.ar\/inicio\/los-negocios-marcan-el-ritmo-de-la-exposicion-rural-con-ventas-en-diversos-rubros\/"},"wordCount":923,"publisher":{"@id":"https:\/\/gysfm.com.ar\/inicio\/#organization"},"image":{"@id":"https:\/\/gysfm.com.ar\/inicio\/los-negocios-marcan-el-ritmo-de-la-exposicion-rural-con-ventas-en-diversos-rubros\/#primaryimage"},"thumbnailUrl":"https:\/\/gysfm.com.ar\/inicio\/wp-content\/uploads\/2025\/07\/reportaje-german-pereyra-rural-de-palermo-2025-Z2ECEWOWGVDKTIXUZB55ENQKZM.JPG","articleSection":["ECONOMIA"],"inLanguage":"es"},{"@type":"WebPage","@id":"https:\/\/gysfm.com.ar\/inicio\/los-negocios-marcan-el-ritmo-de-la-exposicion-rural-con-ventas-en-diversos-rubros\/","url":"https:\/\/gysfm.com.ar\/inicio\/los-negocios-marcan-el-ritmo-de-la-exposicion-rural-con-ventas-en-diversos-rubros\/","name":"Los negocios marcan el ritmo de la Exposici\u00f3n Rural con ventas en diversos rubros - GYS NOTICIAS |","isPartOf":{"@id":"https:\/\/gysfm.com.ar\/inicio\/#website"},"primaryImageOfPage":{"@id":"https:\/\/gysfm.com.ar\/inicio\/los-negocios-marcan-el-ritmo-de-la-exposicion-rural-con-ventas-en-diversos-rubros\/#primaryimage"},"image":{"@id":"https:\/\/gysfm.com.ar\/inicio\/los-negocios-marcan-el-ritmo-de-la-exposicion-rural-con-ventas-en-diversos-rubros\/#primaryimage"},"thumbnailUrl":"https:\/\/gysfm.com.ar\/inicio\/wp-content\/uploads\/2025\/07\/reportaje-german-pereyra-rural-de-palermo-2025-Z2ECEWOWGVDKTIXUZB55ENQKZM.JPG","datePublished":"2025-07-23T00:45:29+00:00","dateModified":"2025-07-23T00:45:30+00:00","breadcrumb":{"@id":"https:\/\/gysfm.com.ar\/inicio\/los-negocios-marcan-el-ritmo-de-la-exposicion-rural-con-ventas-en-diversos-rubros\/#breadcrumb"},"inLanguage":"es","potentialAction":[{"@type":"ReadAction","target":["https:\/\/gysfm.com.ar\/inicio\/los-negocios-marcan-el-ritmo-de-la-exposicion-rural-con-ventas-en-diversos-rubros\/"]}]},{"@type":"ImageObject","inLanguage":"es","@id":"https:\/\/gysfm.com.ar\/inicio\/los-negocios-marcan-el-ritmo-de-la-exposicion-rural-con-ventas-en-diversos-rubros\/#primaryimage","url":"https:\/\/gysfm.com.ar\/inicio\/wp-content\/uploads\/2025\/07\/reportaje-german-pereyra-rural-de-palermo-2025-Z2ECEWOWGVDKTIXUZB55ENQKZM.JPG","contentUrl":"https:\/\/gysfm.com.ar\/inicio\/wp-content\/uploads\/2025\/07\/reportaje-german-pereyra-rural-de-palermo-2025-Z2ECEWOWGVDKTIXUZB55ENQKZM.JPG","width":1200,"height":801},{"@type":"BreadcrumbList","@id":"https:\/\/gysfm.com.ar\/inicio\/los-negocios-marcan-el-ritmo-de-la-exposicion-rural-con-ventas-en-diversos-rubros\/#breadcrumb","itemListElement":[{"@type":"ListItem","position":1,"name":"Portada","item":"https:\/\/gysfm.com.ar\/inicio\/"},{"@type":"ListItem","position":2,"name":"Los negocios marcan el ritmo de la Exposici\u00f3n Rural con ventas en diversos rubros"}]},{"@type":"WebSite","@id":"https:\/\/gysfm.com.ar\/inicio\/#website","url":"https:\/\/gysfm.com.ar\/inicio\/","name":"GYS NOTICIAS |","description":"DIARIO - RADIO ONLINE SAN JUAN ARGENTINA","publisher":{"@id":"https:\/\/gysfm.com.ar\/inicio\/#organization"},"potentialAction":[{"@type":"SearchAction","target":{"@type":"EntryPoint","urlTemplate":"https:\/\/gysfm.com.ar\/inicio\/?s={search_term_string}"},"query-input":{"@type":"PropertyValueSpecification","valueRequired":true,"valueName":"search_term_string"}}],"inLanguage":"es"},{"@type":"Organization","@id":"https:\/\/gysfm.com.ar\/inicio\/#organization","name":"GYS NOTICIAS |","url":"https:\/\/gysfm.com.ar\/inicio\/","logo":{"@type":"ImageObject","inLanguage":"es","@id":"https:\/\/gysfm.com.ar\/inicio\/#\/schema\/logo\/image\/","url":"https:\/\/gysfm.com.ar\/inicio\/wp-content\/uploads\/2023\/07\/LOGOGYS-OK.png","contentUrl":"https:\/\/gysfm.com.ar\/inicio\/wp-content\/uploads\/2023\/07\/LOGOGYS-OK.png","width":1170,"height":872,"caption":"GYS NOTICIAS |"},"image":{"@id":"https:\/\/gysfm.com.ar\/inicio\/#\/schema\/logo\/image\/"}},{"@type":"Person","@id":"https:\/\/gysfm.com.ar\/inicio\/#\/schema\/person\/5bedd7ecd35cc35548d89effafa23696","name":"admin","image":{"@type":"ImageObject","inLanguage":"es","@id":"https:\/\/gysfm.com.ar\/inicio\/#\/schema\/person\/image\/","url":"https:\/\/secure.gravatar.com\/avatar\/c331d312b5243fb64d5ba28108a447b27c925295129a363082c9ea52c28d32c2?s=96&d=mm&r=g","contentUrl":"https:\/\/secure.gravatar.com\/avatar\/c331d312b5243fb64d5ba28108a447b27c925295129a363082c9ea52c28d32c2?s=96&d=mm&r=g","caption":"admin"},"sameAs":["https:\/\/gysfm.com.ar\/inicio"],"url":"https:\/\/gysfm.com.ar\/inicio\/author\/admin\/"}]}},"_links":{"self":[{"href":"https:\/\/gysfm.com.ar\/inicio\/wp-json\/wp\/v2\/posts\/138555","targetHints":{"allow":["GET"]}}],"collection":[{"href":"https:\/\/gysfm.com.ar\/inicio\/wp-json\/wp\/v2\/posts"}],"about":[{"href":"https:\/\/gysfm.com.ar\/inicio\/wp-json\/wp\/v2\/types\/post"}],"author":[{"embeddable":true,"href":"https:\/\/gysfm.com.ar\/inicio\/wp-json\/wp\/v2\/users\/1"}],"replies":[{"embeddable":true,"href":"https:\/\/gysfm.com.ar\/inicio\/wp-json\/wp\/v2\/comments?post=138555"}],"version-history":[{"count":1,"href":"https:\/\/gysfm.com.ar\/inicio\/wp-json\/wp\/v2\/posts\/138555\/revisions"}],"predecessor-version":[{"id":138557,"href":"https:\/\/gysfm.com.ar\/inicio\/wp-json\/wp\/v2\/posts\/138555\/revisions\/138557"}],"wp:featuredmedia":[{"embeddable":true,"href":"https:\/\/gysfm.com.ar\/inicio\/wp-json\/wp\/v2\/media\/138556"}],"wp:attachment":[{"href":"https:\/\/gysfm.com.ar\/inicio\/wp-json\/wp\/v2\/media?parent=138555"}],"wp:term":[{"taxonomy":"category","embeddable":true,"href":"https:\/\/gysfm.com.ar\/inicio\/wp-json\/wp\/v2\/categories?post=138555"},{"taxonomy":"post_tag","embeddable":true,"href":"https:\/\/gysfm.com.ar\/inicio\/wp-json\/wp\/v2\/tags?post=138555"}],"curies":[{"name":"wp","href":"https:\/\/api.w.org\/{rel}","templated":true}]}}