{"id":138552,"date":"2025-07-22T21:43:16","date_gmt":"2025-07-23T00:43:16","guid":{"rendered":"https:\/\/gysfm.com.ar\/inicio\/iran-retoma-el-dialogo-nuclear-con-europa-en-medio-de-amenazas-de-sanciones\/"},"modified":"2025-07-22T21:43:17","modified_gmt":"2025-07-23T00:43:17","slug":"iran-retoma-el-dialogo-nuclear-con-europa-en-medio-de-amenazas-de-sanciones","status":"publish","type":"post","link":"https:\/\/gysfm.com.ar\/inicio\/iran-retoma-el-dialogo-nuclear-con-europa-en-medio-de-amenazas-de-sanciones\/","title":{"rendered":"Ir\u00e1n retoma el di\u00e1logo nuclear con Europa en medio de amenazas de sanciones"},"content":{"rendered":"<p> <br \/>\n<\/p>\n<div>\n<p class=\"com-paragraph  --capital --s\">TEHER\u00c1N.- En un contexto de fuerte tensi\u00f3n regional y diplom\u00e1tica, <strong>Ir\u00e1n <\/strong>confirm\u00f3 que este viernes mantendr\u00e1 en Estambul una<strong> <\/strong><a href=\"https:\/\/www.lanacion.com.ar\/el-mundo\/un-mundo-con-mas-armas-nucleares-la-decision-de-iran-que-podria-abrir-una-peligrosa-era-nid05072025\/\" target=\"_self\" title=\"https:\/\/www.lanacion.com.ar\/el-mundo\/un-mundo-con-mas-armas-nucleares-la-decision-de-iran-que-podria-abrir-una-peligrosa-era-nid05072025\/\" class=\"com-link\" data-mrf-recirculation=\"n_link_parrafo\"><strong>nueva ronda de negociaciones sobre su programa nuclear<\/strong><\/a><strong> con representantes de Alemania, Francia y Gran Breta\u00f1a<\/strong>, en el primer encuentro de este tipo desde los bombardeos estadounidenses e israel\u00edes de junio. La cita se da en medio de<strong> crecientes amenazas del bloque europeo de reactivar sanciones contra Teher\u00e1n<\/strong> si no hay avances concretos antes de fin de agosto.<\/p>\n<p class=\"com-paragraph   --s\">\u201cEl tema de las conversaciones es claro: el levantamiento de sanciones y las cuestiones relacionadas con el programa nuclear pac\u00edfico de Ir\u00e1n\u201d, inform\u00f3 el vocero del Ministerio de Exteriores iran\u00ed, Esmail Baghaei. La reuni\u00f3n, que ser\u00e1 a nivel de viceministros, incluir\u00e1 a la jefa de la diplomacia de la Uni\u00f3n Europea, <strong>Kaja Kallas<\/strong>, y se enmarca en los esfuerzos por <strong>revivir el acuerdo nuclear de 2015<\/strong>.<\/p>\n<p class=\"com-paragraph   --s\">Ese acuerdo, alcanzado tras a\u00f1os de negociaciones entre Ir\u00e1n y seis potencias (<a href=\"https:\/\/www.lanacion.com.ar\/estados-unidos\/estados-unidos-se-retira-nuevamente-de-la-unesco-cuestiona-un-sesgo-antiisraeli-y-causas-divisivas-y-nid22072025\/\" target=\"_self\" title=\"https:\/\/www.lanacion.com.ar\/estados-unidos\/estados-unidos-se-retira-nuevamente-de-la-unesco-cuestiona-un-sesgo-antiisraeli-y-causas-divisivas-y-nid22072025\/\" class=\"com-link\" data-mrf-recirculation=\"n_link_parrafo\">Estados Unidos<\/a>, Gran Breta\u00f1a, Francia, Rusia, China y Alemania), impuso <strong>l\u00edmites estrictos al desarrollo nuclear iran\u00ed a cambio del levantamiento de sanciones internacionales<\/strong>. Sin embargo, <strong>colaps\u00f3 en 2018<\/strong> tras la salida unilateral de Estados Unidos bajo la presidencia de <strong>Donald Trump<\/strong>, que volvi\u00f3 a imponer sanciones severas.<\/p>\n<p class=\"com-paragraph   --s\">Desde entonces, <strong>Ir\u00e1n ha incrementado progresivamente sus niveles de enriquecimiento de uranio hasta el 60%<\/strong>, cerca del umbral del 90% necesario para uso armament\u00edstico, aunque insiste en que su programa tiene fines exclusivamente civiles. <strong>\u201cEstamos dispuestos a adoptar cualquier medida de fomento de la confianza necesaria para demostrar que el programa es pac\u00edfico\u201d<\/strong>, declar\u00f3 el canciller iran\u00ed <strong>Abbas Araqchi <\/strong>en una entrevista con la cadena Fox News.<\/p>\n<div class=\"content-media\">\n<section role=\"button\" class=\"mod-media   \">\n<figure role=\"button\" class=\"mod-figure \"><figcaption class=\"mod-figcaption\"><span class=\"com-text --caption --twoxs\">El ministro de Exteriores de Ir\u00e1n, Abbas Araghchi, espera para reunirse con el presidente de Rusia, Vlad\u00edmir Putin, en el Kremlin, en Mosc\u00fa, Rusia, el 23 de junio de 2025. (Alexander Kazakov, Sputnik, Kremlin Pool Foto v\u00eda AP)<\/span><span class=\"com-text --credit --twoxs\">Alexander Kazakov &#8211; Pool Sputnik Kremlin<\/span><\/figcaption><\/figure>\n<\/section>\n<\/div>\n<p class=\"com-paragraph   --s\">Pese a la voluntad de di\u00e1logo, el clima previo a la reuni\u00f3n es tenso. El denominado grupo E3 (Alemania, Francia y Gran Breta\u00f1a) advirti\u00f3 que <strong>si no hay avances en las pr\u00f3ximas semanas activar\u00e1 el mecanismo de reactivaci\u00f3n o <\/strong><em><strong>snapback<\/strong><\/em>, que implicar\u00eda restituir autom\u00e1ticamente las sanciones suspendidas en virtud del acuerdo de 2015. <strong>\u201cIr\u00e1n nunca debe tener un arma nuclear\u201d<\/strong>, afirm\u00f3 el vocero alem\u00e1n Martin Giese, quien confirm\u00f3 que su pa\u00eds participar\u00e1 con una delegaci\u00f3n t\u00e9cnica.<\/p>\n<p class=\"com-paragraph   --s\">En respuesta, Araqchi acus\u00f3 a las potencias europeas de incumplir sus obligaciones desde hace siete a\u00f1os y asegur\u00f3 que no tienen \u201cninguna legitimidad legal, pol\u00edtica ni moral\u201d para reactivar sanciones. En una carta enviada al secretario general de la ONU, <strong>Ant\u00f3nio Guterres<\/strong>, el canciller iran\u00ed <strong>denunci\u00f3 adem\u00e1s el \u201capoyo pol\u00edtico y material\u201d de Europa a los recientes ataques de Estados Unidos e Israel<\/strong>.<\/p>\n<div class=\"content-media\">\n<section role=\"button\" class=\"mod-media   \">\n<figure role=\"button\" class=\"mod-figure \"><figcaption class=\"mod-figcaption\"><span class=\"com-text --caption --twoxs\">Esta fotograf\u00eda satelital proporcionada por Maxar Technologies, tomada el 22 de junio de 2025, muestra una descripci\u00f3n general de la planta de enriquecimiento de combustible Fordow (FFEP) de Ir\u00e1n despu\u00e9s de que se llevaron a cabo ataques a\u00e9reos estadounidenses en la instalaci\u00f3n, al noreste de la ciudad de Qom<\/span><span class=\"com-text --credit --twoxs\">&#8211;  &#8211; Satellite image \u00a92025 Maxar Tech <\/span><\/figcaption><\/figure>\n<\/section>\n<\/div>\n<p class=\"com-paragraph   --s\">El 22 de junio, durante <a href=\"https:\/\/www.lanacion.com.ar\/el-mundo\/golpe-al-programa-nuclear-irani-tiene-israel-la-capacidad-para-destruirlo-nid16062025\/\" target=\"_self\" title=\"https:\/\/www.lanacion.com.ar\/el-mundo\/golpe-al-programa-nuclear-irani-tiene-israel-la-capacidad-para-destruirlo-nid16062025\/\" class=\"com-link\" data-mrf-recirculation=\"n_link_parrafo\">un conflicto a\u00e9reo de 12 d\u00edas entre Israel e Ir\u00e1n<\/a>, Estados Unidos bombarde\u00f3 tres instalaciones nucleares clave: <strong>Fordo, Isfahan y Natanz<\/strong>. Seg\u00fan cifras oficiales, los ataques dejaron m\u00e1s de <strong>1100 muertos en Ir\u00e1n<\/strong>, incluidos cient\u00edficos nucleares y altos mandos, mientras que Israel report\u00f3 28 muertos. \u201cS\u00ed, las instalaciones fueron gravemente da\u00f1adas, pero <strong>no renunciaremos al enriquecimiento<\/strong>. Es un logro de nuestros cient\u00edficos y una cuesti\u00f3n de orgullo nacional\u201d, afirm\u00f3 Araqchi.<\/p>\n<p class=\"com-paragraph   --s\">El canciller insisti\u00f3 en que no existe una soluci\u00f3n militar para la cuesti\u00f3n nuclear iran\u00ed y remarc\u00f3 que el pa\u00eds est\u00e1 <strong>abierto a conversaciones indirectas con Estados Unidos<\/strong>, aunque por el momento excluye un di\u00e1logo directo. \u201cYa logramos un acuerdo en 2015 tras a\u00f1os de di\u00e1logo. Podemos lograr otro, incluso mejor, si hay voluntad\u201d, dijo, condicionando cualquier nuevo pacto al levantamiento de las sanciones.<\/p>\n<p class=\"com-paragraph   --s\">El viceministro iran\u00ed Kazem Gharibabadi reforz\u00f3 ese mensaje al se\u00f1alar que \u201cel mecanismo de reactivaci\u00f3n carece de base legal\u201d y que los europeos \u201cno han implementado el acuerdo desde la salida de Estados Unidos\u201d. Aun as\u00ed, dijo que Ir\u00e1n asistir\u00e1 al encuentro con el objetivo de encontrar \u201csoluciones comunes para gestionar la situaci\u00f3n\u201d.<\/p>\n<p class=\"com-paragraph   --s\">El viernes se espera que las conversaciones se centren <strong>en medidas t\u00e9cnicas para controlar el programa nuclear y en los t\u00e9rminos de un eventual alivio de sanciones<\/strong>. La Agencia Internacional de Energ\u00eda At\u00f3mica (OIEA) contin\u00faa con <strong>inspecciones parciales<\/strong>, aunque su margen de acceso ha sido limitado por Ir\u00e1n desde 2021.<\/p>\n<div class=\"content-media\">\n<section role=\"button\" class=\"mod-media   \">\n<figure role=\"button\" class=\"mod-figure \"><figcaption class=\"mod-figcaption\"><span class=\"com-text --caption --twoxs\">Trump contra Araqchi en su red social Truth Social<\/span><\/figcaption><\/figure>\n<\/section>\n<\/div>\n<p class=\"com-paragraph   --s\">Mientras tanto, Trump celebr\u00f3 las declaraciones iran\u00edes como una \u201cvalidaci\u00f3n\u201d de su pol\u00edtica de presi\u00f3n m\u00e1xima. <strong>\u201c\u00a1Justo como dije, y lo haremos de nuevo si es necesario!\u201d,<\/strong> escribi\u00f3 en su red Truth Social, en alusi\u00f3n a los ataques de junio.<\/p>\n<p class=\"com-paragraph   --s\">Ir\u00e1n, por su parte, reafirma que no busca fabricar armas nucleares. \u201cNuestro programa est\u00e1 basado en necesidades energ\u00e9ticas y cient\u00edficas. Lo hemos construido nosotros mismos, y no lo abandonaremos\u201d, insisti\u00f3 Araqchi. Tambi\u00e9n asegur\u00f3 que el pa\u00eds \u201ca\u00fan dispone de misiles\u201d para defenderse y que el l\u00edder supremo, el ayatollah <strong>Ali Khamenei, \u201cest\u00e1 en perfecto estado de salud\u201d<\/strong>.<\/p>\n<p class=\"com-paragraph   --s\"><strong>Agencias Reuters, AP y DPA<\/strong><\/p>\n<section class=\"container-center-100 mb-40 border border-bottom border-thin border-neutral-light-700\">\n<hr\/>\n<\/section>\n<\/div>\n\n","protected":false},"excerpt":{"rendered":"<p>TEHER\u00c1N.- En un contexto de fuerte tensi\u00f3n regional y diplom\u00e1tica, Ir\u00e1n confirm\u00f3 que este viernes mantendr\u00e1 en Estambul una nueva ronda de negociaciones sobre su programa nuclear con representantes de Alemania, Francia y Gran Breta\u00f1a, en el primer encuentro de este tipo desde los bombardeos estadounidenses e israel\u00edes de junio. La cita se da en [&hellip;]<\/p>\n","protected":false},"author":2,"featured_media":138553,"comment_status":"closed","ping_status":"closed","sticky":false,"template":"","format":"standard","meta":{"footnotes":""},"categories":[26],"tags":[],"class_list":["post-138552","post","type-post","status-publish","format-standard","has-post-thumbnail","hentry","category-internacionales"],"yoast_head":"<!-- This site is optimized with the Yoast SEO plugin v24.4 - https:\/\/yoast.com\/wordpress\/plugins\/seo\/ -->\n<title>Ir\u00e1n retoma el di\u00e1logo nuclear con Europa en medio de amenazas de sanciones - GYS NOTICIAS |<\/title>\n<meta name=\"robots\" content=\"index, follow, max-snippet:-1, max-image-preview:large, max-video-preview:-1\" \/>\n<link rel=\"canonical\" href=\"https:\/\/gysfm.com.ar\/inicio\/iran-retoma-el-dialogo-nuclear-con-europa-en-medio-de-amenazas-de-sanciones\/\" \/>\n<meta property=\"og:locale\" content=\"es_ES\" \/>\n<meta property=\"og:type\" content=\"article\" \/>\n<meta property=\"og:title\" content=\"Ir\u00e1n retoma el di\u00e1logo nuclear con Europa en medio de amenazas de sanciones - GYS NOTICIAS |\" \/>\n<meta property=\"og:description\" content=\"TEHER\u00c1N.- En un contexto de fuerte tensi\u00f3n regional y diplom\u00e1tica, Ir\u00e1n confirm\u00f3 que este viernes mantendr\u00e1 en Estambul una nueva ronda de negociaciones sobre su programa nuclear con representantes de Alemania, Francia y Gran Breta\u00f1a, en el primer encuentro de este tipo desde los bombardeos estadounidenses e israel\u00edes de junio. La cita se da en [&hellip;]\" \/>\n<meta property=\"og:url\" content=\"https:\/\/gysfm.com.ar\/inicio\/iran-retoma-el-dialogo-nuclear-con-europa-en-medio-de-amenazas-de-sanciones\/\" \/>\n<meta property=\"og:site_name\" content=\"GYS NOTICIAS |\" \/>\n<meta property=\"article:published_time\" content=\"2025-07-23T00:43:16+00:00\" \/>\n<meta property=\"article:modified_time\" content=\"2025-07-23T00:43:17+00:00\" \/>\n<meta property=\"og:image\" content=\"https:\/\/gysfm.com.ar\/inicio\/wp-content\/uploads\/2025\/07\/el-lider-supremo-de-iran-el-ayatollah-ali-5WPEG6JCOBDOHLCZGJBKUFJOWI.jpg\" \/>\n\t<meta property=\"og:image:width\" content=\"1200\" \/>\n\t<meta property=\"og:image:height\" content=\"798\" \/>\n\t<meta property=\"og:image:type\" content=\"image\/jpeg\" \/>\n<meta name=\"author\" content=\"Prensa G&amp;S FM\" \/>\n<meta name=\"twitter:card\" content=\"summary_large_image\" \/>\n<meta name=\"twitter:label1\" content=\"Escrito por\" \/>\n\t<meta name=\"twitter:data1\" content=\"Prensa G&amp;S FM\" \/>\n\t<meta name=\"twitter:label2\" content=\"Tiempo de lectura\" \/>\n\t<meta name=\"twitter:data2\" content=\"5 minutos\" \/>\n<script type=\"application\/ld+json\" class=\"yoast-schema-graph\">{\"@context\":\"https:\/\/schema.org\",\"@graph\":[{\"@type\":\"Article\",\"@id\":\"https:\/\/gysfm.com.ar\/inicio\/iran-retoma-el-dialogo-nuclear-con-europa-en-medio-de-amenazas-de-sanciones\/#article\",\"isPartOf\":{\"@id\":\"https:\/\/gysfm.com.ar\/inicio\/iran-retoma-el-dialogo-nuclear-con-europa-en-medio-de-amenazas-de-sanciones\/\"},\"author\":{\"name\":\"Prensa G&amp;S FM\",\"@id\":\"https:\/\/gysfm.com.ar\/inicio\/#\/schema\/person\/3abba7593ef2ad19e1be221d54383dc5\"},\"headline\":\"Ir\u00e1n retoma el di\u00e1logo nuclear con Europa en medio de amenazas de sanciones\",\"datePublished\":\"2025-07-23T00:43:16+00:00\",\"dateModified\":\"2025-07-23T00:43:17+00:00\",\"mainEntityOfPage\":{\"@id\":\"https:\/\/gysfm.com.ar\/inicio\/iran-retoma-el-dialogo-nuclear-con-europa-en-medio-de-amenazas-de-sanciones\/\"},\"wordCount\":946,\"publisher\":{\"@id\":\"https:\/\/gysfm.com.ar\/inicio\/#organization\"},\"image\":{\"@id\":\"https:\/\/gysfm.com.ar\/inicio\/iran-retoma-el-dialogo-nuclear-con-europa-en-medio-de-amenazas-de-sanciones\/#primaryimage\"},\"thumbnailUrl\":\"https:\/\/gysfm.com.ar\/inicio\/wp-content\/uploads\/2025\/07\/el-lider-supremo-de-iran-el-ayatollah-ali-5WPEG6JCOBDOHLCZGJBKUFJOWI.jpg\",\"articleSection\":[\"INTERNACIONALES\"],\"inLanguage\":\"es\"},{\"@type\":\"WebPage\",\"@id\":\"https:\/\/gysfm.com.ar\/inicio\/iran-retoma-el-dialogo-nuclear-con-europa-en-medio-de-amenazas-de-sanciones\/\",\"url\":\"https:\/\/gysfm.com.ar\/inicio\/iran-retoma-el-dialogo-nuclear-con-europa-en-medio-de-amenazas-de-sanciones\/\",\"name\":\"Ir\u00e1n retoma el di\u00e1logo nuclear con Europa en medio de amenazas de sanciones - GYS NOTICIAS |\",\"isPartOf\":{\"@id\":\"https:\/\/gysfm.com.ar\/inicio\/#website\"},\"primaryImageOfPage\":{\"@id\":\"https:\/\/gysfm.com.ar\/inicio\/iran-retoma-el-dialogo-nuclear-con-europa-en-medio-de-amenazas-de-sanciones\/#primaryimage\"},\"image\":{\"@id\":\"https:\/\/gysfm.com.ar\/inicio\/iran-retoma-el-dialogo-nuclear-con-europa-en-medio-de-amenazas-de-sanciones\/#primaryimage\"},\"thumbnailUrl\":\"https:\/\/gysfm.com.ar\/inicio\/wp-content\/uploads\/2025\/07\/el-lider-supremo-de-iran-el-ayatollah-ali-5WPEG6JCOBDOHLCZGJBKUFJOWI.jpg\",\"datePublished\":\"2025-07-23T00:43:16+00:00\",\"dateModified\":\"2025-07-23T00:43:17+00:00\",\"breadcrumb\":{\"@id\":\"https:\/\/gysfm.com.ar\/inicio\/iran-retoma-el-dialogo-nuclear-con-europa-en-medio-de-amenazas-de-sanciones\/#breadcrumb\"},\"inLanguage\":\"es\",\"potentialAction\":[{\"@type\":\"ReadAction\",\"target\":[\"https:\/\/gysfm.com.ar\/inicio\/iran-retoma-el-dialogo-nuclear-con-europa-en-medio-de-amenazas-de-sanciones\/\"]}]},{\"@type\":\"ImageObject\",\"inLanguage\":\"es\",\"@id\":\"https:\/\/gysfm.com.ar\/inicio\/iran-retoma-el-dialogo-nuclear-con-europa-en-medio-de-amenazas-de-sanciones\/#primaryimage\",\"url\":\"https:\/\/gysfm.com.ar\/inicio\/wp-content\/uploads\/2025\/07\/el-lider-supremo-de-iran-el-ayatollah-ali-5WPEG6JCOBDOHLCZGJBKUFJOWI.jpg\",\"contentUrl\":\"https:\/\/gysfm.com.ar\/inicio\/wp-content\/uploads\/2025\/07\/el-lider-supremo-de-iran-el-ayatollah-ali-5WPEG6JCOBDOHLCZGJBKUFJOWI.jpg\",\"width\":1200,\"height\":798},{\"@type\":\"BreadcrumbList\",\"@id\":\"https:\/\/gysfm.com.ar\/inicio\/iran-retoma-el-dialogo-nuclear-con-europa-en-medio-de-amenazas-de-sanciones\/#breadcrumb\",\"itemListElement\":[{\"@type\":\"ListItem\",\"position\":1,\"name\":\"Portada\",\"item\":\"https:\/\/gysfm.com.ar\/inicio\/\"},{\"@type\":\"ListItem\",\"position\":2,\"name\":\"Ir\u00e1n retoma el di\u00e1logo nuclear con Europa en medio de amenazas de sanciones\"}]},{\"@type\":\"WebSite\",\"@id\":\"https:\/\/gysfm.com.ar\/inicio\/#website\",\"url\":\"https:\/\/gysfm.com.ar\/inicio\/\",\"name\":\"GYS NOTICIAS |\",\"description\":\"DIARIO - RADIO ONLINE SAN JUAN ARGENTINA\",\"publisher\":{\"@id\":\"https:\/\/gysfm.com.ar\/inicio\/#organization\"},\"potentialAction\":[{\"@type\":\"SearchAction\",\"target\":{\"@type\":\"EntryPoint\",\"urlTemplate\":\"https:\/\/gysfm.com.ar\/inicio\/?s={search_term_string}\"},\"query-input\":{\"@type\":\"PropertyValueSpecification\",\"valueRequired\":true,\"valueName\":\"search_term_string\"}}],\"inLanguage\":\"es\"},{\"@type\":\"Organization\",\"@id\":\"https:\/\/gysfm.com.ar\/inicio\/#organization\",\"name\":\"GYS NOTICIAS |\",\"url\":\"https:\/\/gysfm.com.ar\/inicio\/\",\"logo\":{\"@type\":\"ImageObject\",\"inLanguage\":\"es\",\"@id\":\"https:\/\/gysfm.com.ar\/inicio\/#\/schema\/logo\/image\/\",\"url\":\"https:\/\/gysfm.com.ar\/inicio\/wp-content\/uploads\/2023\/07\/LOGOGYS-OK.png\",\"contentUrl\":\"https:\/\/gysfm.com.ar\/inicio\/wp-content\/uploads\/2023\/07\/LOGOGYS-OK.png\",\"width\":1170,\"height\":872,\"caption\":\"GYS NOTICIAS |\"},\"image\":{\"@id\":\"https:\/\/gysfm.com.ar\/inicio\/#\/schema\/logo\/image\/\"}},{\"@type\":\"Person\",\"@id\":\"https:\/\/gysfm.com.ar\/inicio\/#\/schema\/person\/3abba7593ef2ad19e1be221d54383dc5\",\"name\":\"Prensa G&amp;S FM\",\"image\":{\"@type\":\"ImageObject\",\"inLanguage\":\"es\",\"@id\":\"https:\/\/gysfm.com.ar\/inicio\/#\/schema\/person\/image\/\",\"url\":\"https:\/\/secure.gravatar.com\/avatar\/096ec78df02049ab018702bb4ccedf659377fa92a26540b5247612077a0dbd29?s=96&d=mm&r=g\",\"contentUrl\":\"https:\/\/secure.gravatar.com\/avatar\/096ec78df02049ab018702bb4ccedf659377fa92a26540b5247612077a0dbd29?s=96&d=mm&r=g\",\"caption\":\"Prensa G&amp;S FM\"},\"sameAs\":[\"https:\/\/gysfm.com.ar\/\"],\"url\":\"https:\/\/gysfm.com.ar\/inicio\/author\/lucasm\/\"}]}<\/script>\n<!-- \/ Yoast SEO plugin. -->","yoast_head_json":{"title":"Ir\u00e1n retoma el di\u00e1logo nuclear con Europa en medio de amenazas de sanciones - GYS NOTICIAS |","robots":{"index":"index","follow":"follow","max-snippet":"max-snippet:-1","max-image-preview":"max-image-preview:large","max-video-preview":"max-video-preview:-1"},"canonical":"https:\/\/gysfm.com.ar\/inicio\/iran-retoma-el-dialogo-nuclear-con-europa-en-medio-de-amenazas-de-sanciones\/","og_locale":"es_ES","og_type":"article","og_title":"Ir\u00e1n retoma el di\u00e1logo nuclear con Europa en medio de amenazas de sanciones - GYS NOTICIAS |","og_description":"TEHER\u00c1N.- En un contexto de fuerte tensi\u00f3n regional y diplom\u00e1tica, Ir\u00e1n confirm\u00f3 que este viernes mantendr\u00e1 en Estambul una nueva ronda de negociaciones sobre su programa nuclear con representantes de Alemania, Francia y Gran Breta\u00f1a, en el primer encuentro de este tipo desde los bombardeos estadounidenses e israel\u00edes de junio. La cita se da en [&hellip;]","og_url":"https:\/\/gysfm.com.ar\/inicio\/iran-retoma-el-dialogo-nuclear-con-europa-en-medio-de-amenazas-de-sanciones\/","og_site_name":"GYS NOTICIAS |","article_published_time":"2025-07-23T00:43:16+00:00","article_modified_time":"2025-07-23T00:43:17+00:00","og_image":[{"width":1200,"height":798,"url":"https:\/\/gysfm.com.ar\/inicio\/wp-content\/uploads\/2025\/07\/el-lider-supremo-de-iran-el-ayatollah-ali-5WPEG6JCOBDOHLCZGJBKUFJOWI.jpg","type":"image\/jpeg"}],"author":"Prensa G&amp;S FM","twitter_card":"summary_large_image","twitter_misc":{"Escrito por":"Prensa G&amp;S FM","Tiempo de lectura":"5 minutos"},"schema":{"@context":"https:\/\/schema.org","@graph":[{"@type":"Article","@id":"https:\/\/gysfm.com.ar\/inicio\/iran-retoma-el-dialogo-nuclear-con-europa-en-medio-de-amenazas-de-sanciones\/#article","isPartOf":{"@id":"https:\/\/gysfm.com.ar\/inicio\/iran-retoma-el-dialogo-nuclear-con-europa-en-medio-de-amenazas-de-sanciones\/"},"author":{"name":"Prensa G&amp;S FM","@id":"https:\/\/gysfm.com.ar\/inicio\/#\/schema\/person\/3abba7593ef2ad19e1be221d54383dc5"},"headline":"Ir\u00e1n retoma el di\u00e1logo nuclear con Europa en medio de amenazas de sanciones","datePublished":"2025-07-23T00:43:16+00:00","dateModified":"2025-07-23T00:43:17+00:00","mainEntityOfPage":{"@id":"https:\/\/gysfm.com.ar\/inicio\/iran-retoma-el-dialogo-nuclear-con-europa-en-medio-de-amenazas-de-sanciones\/"},"wordCount":946,"publisher":{"@id":"https:\/\/gysfm.com.ar\/inicio\/#organization"},"image":{"@id":"https:\/\/gysfm.com.ar\/inicio\/iran-retoma-el-dialogo-nuclear-con-europa-en-medio-de-amenazas-de-sanciones\/#primaryimage"},"thumbnailUrl":"https:\/\/gysfm.com.ar\/inicio\/wp-content\/uploads\/2025\/07\/el-lider-supremo-de-iran-el-ayatollah-ali-5WPEG6JCOBDOHLCZGJBKUFJOWI.jpg","articleSection":["INTERNACIONALES"],"inLanguage":"es"},{"@type":"WebPage","@id":"https:\/\/gysfm.com.ar\/inicio\/iran-retoma-el-dialogo-nuclear-con-europa-en-medio-de-amenazas-de-sanciones\/","url":"https:\/\/gysfm.com.ar\/inicio\/iran-retoma-el-dialogo-nuclear-con-europa-en-medio-de-amenazas-de-sanciones\/","name":"Ir\u00e1n retoma el di\u00e1logo nuclear con Europa en medio de amenazas de sanciones - GYS NOTICIAS |","isPartOf":{"@id":"https:\/\/gysfm.com.ar\/inicio\/#website"},"primaryImageOfPage":{"@id":"https:\/\/gysfm.com.ar\/inicio\/iran-retoma-el-dialogo-nuclear-con-europa-en-medio-de-amenazas-de-sanciones\/#primaryimage"},"image":{"@id":"https:\/\/gysfm.com.ar\/inicio\/iran-retoma-el-dialogo-nuclear-con-europa-en-medio-de-amenazas-de-sanciones\/#primaryimage"},"thumbnailUrl":"https:\/\/gysfm.com.ar\/inicio\/wp-content\/uploads\/2025\/07\/el-lider-supremo-de-iran-el-ayatollah-ali-5WPEG6JCOBDOHLCZGJBKUFJOWI.jpg","datePublished":"2025-07-23T00:43:16+00:00","dateModified":"2025-07-23T00:43:17+00:00","breadcrumb":{"@id":"https:\/\/gysfm.com.ar\/inicio\/iran-retoma-el-dialogo-nuclear-con-europa-en-medio-de-amenazas-de-sanciones\/#breadcrumb"},"inLanguage":"es","potentialAction":[{"@type":"ReadAction","target":["https:\/\/gysfm.com.ar\/inicio\/iran-retoma-el-dialogo-nuclear-con-europa-en-medio-de-amenazas-de-sanciones\/"]}]},{"@type":"ImageObject","inLanguage":"es","@id":"https:\/\/gysfm.com.ar\/inicio\/iran-retoma-el-dialogo-nuclear-con-europa-en-medio-de-amenazas-de-sanciones\/#primaryimage","url":"https:\/\/gysfm.com.ar\/inicio\/wp-content\/uploads\/2025\/07\/el-lider-supremo-de-iran-el-ayatollah-ali-5WPEG6JCOBDOHLCZGJBKUFJOWI.jpg","contentUrl":"https:\/\/gysfm.com.ar\/inicio\/wp-content\/uploads\/2025\/07\/el-lider-supremo-de-iran-el-ayatollah-ali-5WPEG6JCOBDOHLCZGJBKUFJOWI.jpg","width":1200,"height":798},{"@type":"BreadcrumbList","@id":"https:\/\/gysfm.com.ar\/inicio\/iran-retoma-el-dialogo-nuclear-con-europa-en-medio-de-amenazas-de-sanciones\/#breadcrumb","itemListElement":[{"@type":"ListItem","position":1,"name":"Portada","item":"https:\/\/gysfm.com.ar\/inicio\/"},{"@type":"ListItem","position":2,"name":"Ir\u00e1n retoma el di\u00e1logo nuclear con Europa en medio de amenazas de sanciones"}]},{"@type":"WebSite","@id":"https:\/\/gysfm.com.ar\/inicio\/#website","url":"https:\/\/gysfm.com.ar\/inicio\/","name":"GYS NOTICIAS |","description":"DIARIO - RADIO ONLINE SAN JUAN ARGENTINA","publisher":{"@id":"https:\/\/gysfm.com.ar\/inicio\/#organization"},"potentialAction":[{"@type":"SearchAction","target":{"@type":"EntryPoint","urlTemplate":"https:\/\/gysfm.com.ar\/inicio\/?s={search_term_string}"},"query-input":{"@type":"PropertyValueSpecification","valueRequired":true,"valueName":"search_term_string"}}],"inLanguage":"es"},{"@type":"Organization","@id":"https:\/\/gysfm.com.ar\/inicio\/#organization","name":"GYS NOTICIAS |","url":"https:\/\/gysfm.com.ar\/inicio\/","logo":{"@type":"ImageObject","inLanguage":"es","@id":"https:\/\/gysfm.com.ar\/inicio\/#\/schema\/logo\/image\/","url":"https:\/\/gysfm.com.ar\/inicio\/wp-content\/uploads\/2023\/07\/LOGOGYS-OK.png","contentUrl":"https:\/\/gysfm.com.ar\/inicio\/wp-content\/uploads\/2023\/07\/LOGOGYS-OK.png","width":1170,"height":872,"caption":"GYS NOTICIAS |"},"image":{"@id":"https:\/\/gysfm.com.ar\/inicio\/#\/schema\/logo\/image\/"}},{"@type":"Person","@id":"https:\/\/gysfm.com.ar\/inicio\/#\/schema\/person\/3abba7593ef2ad19e1be221d54383dc5","name":"Prensa G&amp;S FM","image":{"@type":"ImageObject","inLanguage":"es","@id":"https:\/\/gysfm.com.ar\/inicio\/#\/schema\/person\/image\/","url":"https:\/\/secure.gravatar.com\/avatar\/096ec78df02049ab018702bb4ccedf659377fa92a26540b5247612077a0dbd29?s=96&d=mm&r=g","contentUrl":"https:\/\/secure.gravatar.com\/avatar\/096ec78df02049ab018702bb4ccedf659377fa92a26540b5247612077a0dbd29?s=96&d=mm&r=g","caption":"Prensa G&amp;S FM"},"sameAs":["https:\/\/gysfm.com.ar\/"],"url":"https:\/\/gysfm.com.ar\/inicio\/author\/lucasm\/"}]}},"_links":{"self":[{"href":"https:\/\/gysfm.com.ar\/inicio\/wp-json\/wp\/v2\/posts\/138552","targetHints":{"allow":["GET"]}}],"collection":[{"href":"https:\/\/gysfm.com.ar\/inicio\/wp-json\/wp\/v2\/posts"}],"about":[{"href":"https:\/\/gysfm.com.ar\/inicio\/wp-json\/wp\/v2\/types\/post"}],"author":[{"embeddable":true,"href":"https:\/\/gysfm.com.ar\/inicio\/wp-json\/wp\/v2\/users\/2"}],"replies":[{"embeddable":true,"href":"https:\/\/gysfm.com.ar\/inicio\/wp-json\/wp\/v2\/comments?post=138552"}],"version-history":[{"count":1,"href":"https:\/\/gysfm.com.ar\/inicio\/wp-json\/wp\/v2\/posts\/138552\/revisions"}],"predecessor-version":[{"id":138554,"href":"https:\/\/gysfm.com.ar\/inicio\/wp-json\/wp\/v2\/posts\/138552\/revisions\/138554"}],"wp:featuredmedia":[{"embeddable":true,"href":"https:\/\/gysfm.com.ar\/inicio\/wp-json\/wp\/v2\/media\/138553"}],"wp:attachment":[{"href":"https:\/\/gysfm.com.ar\/inicio\/wp-json\/wp\/v2\/media?parent=138552"}],"wp:term":[{"taxonomy":"category","embeddable":true,"href":"https:\/\/gysfm.com.ar\/inicio\/wp-json\/wp\/v2\/categories?post=138552"},{"taxonomy":"post_tag","embeddable":true,"href":"https:\/\/gysfm.com.ar\/inicio\/wp-json\/wp\/v2\/tags?post=138552"}],"curies":[{"name":"wp","href":"https:\/\/api.w.org\/{rel}","templated":true}]}}