{"id":138550,"date":"2025-07-22T21:31:05","date_gmt":"2025-07-23T00:31:05","guid":{"rendered":"https:\/\/gysfm.com.ar\/inicio\/el-terrible-accidente-de-trueno-en-pleno-show-en-espana-se-tiro-al-publico-y-cayo-al-piso\/"},"modified":"2025-07-22T21:31:05","modified_gmt":"2025-07-23T00:31:05","slug":"el-terrible-accidente-de-trueno-en-pleno-show-en-espana-se-tiro-al-publico-y-cayo-al-piso","status":"publish","type":"post","link":"https:\/\/gysfm.com.ar\/inicio\/el-terrible-accidente-de-trueno-en-pleno-show-en-espana-se-tiro-al-publico-y-cayo-al-piso\/","title":{"rendered":"\u200bEl terrible accidente de Trueno en pleno show en Espa\u00f1a: se tir\u00f3 al p\u00fablico y cay\u00f3 al piso"},"content":{"rendered":"<p><\/p>\n<div id=\"article-content\">\n<p><a target=\"_blank\" href=\"https:\/\/exitoina.perfil.com\/noticias\/destacada\/crecen-rumores-reconciliacion-entre-trueno-nicki-nicole-pruebas.phtml\"><strong>Trueno<\/strong><\/a> sufri\u00f3 un duro accidente en unos de sus shows realizados en <strong>Galicia, Espa\u00f1a<\/strong>, y en <strong><a target=\"_blank\" href=\"https:\/\/exitoina.perfil.com\/noticias\/destacada\/angel-de-brito-fulmino-viviana-canosa-lam-estas-muy-floja-papeles.phtml\">LAM<\/a> (Am\u00e9rica TV) <\/strong>mostraron todos los detalles.<\/p>\n<h2>\u00bfC\u00f3mo fue el accidente de Trueno?<\/h2>\n<p><strong>\u00abSe tir\u00f3 en un ataque de &#8216;bueno, ag\u00e1rrenme&#8217; y los gallegos no entendieron, no lo atajaron. Subi\u00f3 un poco malhumorado, se retir\u00f3 del escenario, fue medio tensa la situaci\u00f3n\u00bb,<\/strong> relat\u00f3 <strong>Pepe Ochoa<\/strong>.<\/p>\n<p>El accidente ocurri\u00f3 durante su presentaci\u00f3n en el <strong>Parque de Castrelos, en Vigo<\/strong>, uno de los escenarios m\u00e1s grandes de la ciudad, en medio de la gira europea del cantante con<strong> \u00abEl \u00faltimo baile\u00bb<\/strong>.<\/p>\n<p><iframe id=\"vrudo\" class=\"vrudo\" src=\"https:\/\/rudo.video\/vod\/bUEmdP?volume=0\" width=\"100%\" height=\"100%\" allowscriptaccess=\"always\" allowfullscreen=\"true\" webkitallowfullscreen=\"true\" frameborder=\"0\" scrolling=\"no\" allow=\"autoplay; fullscreen\" loading=\"lazy\"><\/iframe><\/p>\n<p>A pesar del disgusto, el cantante se volvi\u00f3 a subir al escenario para seguir cantando sus hits m\u00e1s populares sin ning\u00fan inconveniente.<\/p>\n<h2>\u00bfC\u00f3mo fue el accidente de Katy Perry?<\/h2>\n<p><a target=\"_blank\" href=\"https:\/\/exitoina.perfil.com\/temas\/katy-perry\"><strong>Katy Perry<\/strong><\/a>\u00a0se llev\u00f3 un susto el viernes 18 de julio durante su concierto en\u00a0<a target=\"_blank\" href=\"https:\/\/es.wikipedia.org\/wiki\/San_Francisco_(California)\"><strong>San Francisco<\/strong><\/a>, ciudad de<strong>\u00a0California<\/strong>.<\/p>\n<p>La cantante estuvo presente en el\u00a0<strong><a target=\"_blank\" href=\"https:\/\/es.wikipedia.org\/wiki\/Chase_Center\">Chase Center<\/a>\u00a0<\/strong>junto a una multitud de personas que fueron a verla, pero la noche tuvo un hecho inesperado.<\/p>\n<p>Mientras la superestrella estadounidense interpretaba su tema<strong>\u00a0\u00abRoar\u00bb\u00a0<\/strong>arriba de una mariposa gigante por encima del p\u00fablico, la h\u00e9lice fall\u00f3 y la cantante estuvo a punto de caerse.<\/p>\n<p>Seg\u00fan el video que se filtr\u00f3 en las redes, el p\u00fablico empez\u00f3 a gritar del susto. Si bien<strong>\u00a0Katy Perry<\/strong>\u00a0tuvo que dejar de cantar, tambi\u00e9n por el accidente, la cantante intent\u00f3 llevar tranquilidad a sus fan\u00e1ticos con alguna se\u00f1a, y r\u00e1pidamente se llev\u00f3 el micr\u00f3fono a su boca para continuar con el concierto.<\/p>\n<p><iframe id=\"vrudo\" class=\"vrudo\" src=\"https:\/\/rudo.video\/vod\/bUDnPL?volume=0\" width=\"100%\" height=\"100%\" allowscriptaccess=\"always\" allowfullscreen=\"true\" webkitallowfullscreen=\"true\" frameborder=\"0\" scrolling=\"no\" allow=\"autoplay; fullscreen\" loading=\"lazy\"><\/iframe><\/p>\n<p><u><strong>(Video de @Rmadjidi en X)<\/strong><\/u><\/p>\n<p>Tras finalizar su show,\u00a0<a target=\"_blank\" href=\"https:\/\/www.instagram.com\/katyperry\"><strong>Katy Perry se expres\u00f3 en las historias de su Instagram<\/strong><\/a>\u00a0por el fallo de la mariposa gigante. A pesar del susto, se lo tom\u00f3 con humor y public\u00f3 una foto suya con la boca abierta donde escribi\u00f3:\u00a0<strong>\u00abBuenas noches, San Francisco\u00bb.<\/strong><\/p>\n<div style=\"text-align:center\">\n<figure class=\"image\" style=\"display:inline-block\"><img decoding=\"async\" style=\"max-width: 100%; width: 100%;\" alt=\"Katy Perry sobre el fallo en la mariposa gigante\" src=\"https:\/\/fotos.perfil.com\/\/2025\/07\/19\/900\/0\/katy-perry-sobre-el-fallo-en-la-mariposa-gigante-2064812.jpg\" loading=\"lazy\"\/>&#13;<figcaption>Katy Perry sobre el fallo en la mariposa gigante. (Captura: Instagram)<\/figcaption>&#13;<br \/>\n<\/figure>\n<\/div>\n<p>Es la quinta gira de conciertos de la cantante estadounidense. Se anunci\u00f3 para promocionar su s\u00e9ptimo \u00e1lbum de estudio, 143 (2024). La gira comenz\u00f3 en la Arena CDMX de la Ciudad de M\u00e9xico el 23 de abril de 2025 y finalizar\u00e1 en el\u00a0<strong>Etihad Park\u00a0<\/strong>de\u00a0<strong>Abu Dabi\u00a0<\/strong>el 7 de diciembre de 2025.<\/p>\n<p>Finalmente,<strong>\u00a0Katy Perry<\/strong>\u00a0llegar\u00e1 a\u00a0<strong>Espa\u00f1a<\/strong>\u00a0en noviembre para terminar con su temporada. Estar\u00e1 el 9 de noviembre en Barcelona y el 11 de noviembre en Madrid.<\/p>\n<\/p><\/div>\n<p><script>\n\t(function(d, s, id) {\n\t\tvar js, fjs = d.getElementsByTagName(s)[0];\n\t\tif (d.getElementById(id)) return;\n\t\tjs = d.createElement(s);\n\t\tjs.id = id;\n\t\tjs.src=\"https:\/\/connect.facebook.net\/es_LA\/sdk.js#xfbml=1&version=v3.1\";\n\t\tfjs.parentNode.insertBefore(js, fjs);\n\t}(document, 'script', 'facebook-jssdk'));\n<\/script><script async src=\"\/\/www.instagram.com\/embed.js\"><\/script><\/p>\n","protected":false},"excerpt":{"rendered":"<p>Trueno sufri\u00f3 un duro accidente en unos de sus shows realizados en Galicia, Espa\u00f1a, y en LAM (Am\u00e9rica TV) mostraron todos los detalles. \u00bfC\u00f3mo fue el accidente de Trueno? \u00abSe tir\u00f3 en un ataque de &#8216;bueno, ag\u00e1rrenme&#8217; y los gallegos no entendieron, no lo atajaron. Subi\u00f3 un poco malhumorado, se retir\u00f3 del escenario, fue medio [&hellip;]<\/p>\n","protected":false},"author":2,"featured_media":138551,"comment_status":"closed","ping_status":"closed","sticky":false,"template":"","format":"standard","meta":{"footnotes":""},"categories":[25],"tags":[],"class_list":["post-138550","post","type-post","status-publish","format-standard","has-post-thumbnail","hentry","category-nacionales"],"yoast_head":"<!-- This site is optimized with the Yoast SEO plugin v24.4 - https:\/\/yoast.com\/wordpress\/plugins\/seo\/ -->\n<title>\u200bEl terrible accidente de Trueno en pleno show en Espa\u00f1a: se tir\u00f3 al p\u00fablico y cay\u00f3 al piso - GYS NOTICIAS |<\/title>\n<meta name=\"robots\" content=\"index, follow, max-snippet:-1, max-image-preview:large, max-video-preview:-1\" \/>\n<link rel=\"canonical\" href=\"https:\/\/gysfm.com.ar\/inicio\/el-terrible-accidente-de-trueno-en-pleno-show-en-espana-se-tiro-al-publico-y-cayo-al-piso\/\" \/>\n<meta property=\"og:locale\" content=\"es_ES\" \/>\n<meta property=\"og:type\" content=\"article\" \/>\n<meta property=\"og:title\" content=\"\u200bEl terrible accidente de Trueno en pleno show en Espa\u00f1a: se tir\u00f3 al p\u00fablico y cay\u00f3 al piso - GYS NOTICIAS |\" \/>\n<meta property=\"og:description\" content=\"Trueno sufri\u00f3 un duro accidente en unos de sus shows realizados en Galicia, Espa\u00f1a, y en LAM (Am\u00e9rica TV) mostraron todos los detalles. \u00bfC\u00f3mo fue el accidente de Trueno? \u00abSe tir\u00f3 en un ataque de &#8216;bueno, ag\u00e1rrenme&#8217; y los gallegos no entendieron, no lo atajaron. Subi\u00f3 un poco malhumorado, se retir\u00f3 del escenario, fue medio [&hellip;]\" \/>\n<meta property=\"og:url\" content=\"https:\/\/gysfm.com.ar\/inicio\/el-terrible-accidente-de-trueno-en-pleno-show-en-espana-se-tiro-al-publico-y-cayo-al-piso\/\" \/>\n<meta property=\"og:site_name\" content=\"GYS NOTICIAS |\" \/>\n<meta property=\"article:published_time\" content=\"2025-07-23T00:31:05+00:00\" \/>\n<meta property=\"og:image\" content=\"https:\/\/fotos.perfil.com\/\/2025\/07\/19\/900\/0\/katy-perry-sobre-el-fallo-en-la-mariposa-gigante-2064812.jpg\" \/>\n<meta name=\"author\" content=\"Prensa G&amp;S FM\" \/>\n<meta name=\"twitter:card\" content=\"summary_large_image\" \/>\n<meta name=\"twitter:label1\" content=\"Escrito por\" \/>\n\t<meta name=\"twitter:data1\" content=\"Prensa G&amp;S FM\" \/>\n\t<meta name=\"twitter:label2\" content=\"Tiempo de lectura\" \/>\n\t<meta name=\"twitter:data2\" content=\"2 minutos\" \/>\n<script type=\"application\/ld+json\" class=\"yoast-schema-graph\">{\"@context\":\"https:\/\/schema.org\",\"@graph\":[{\"@type\":\"Article\",\"@id\":\"https:\/\/gysfm.com.ar\/inicio\/el-terrible-accidente-de-trueno-en-pleno-show-en-espana-se-tiro-al-publico-y-cayo-al-piso\/#article\",\"isPartOf\":{\"@id\":\"https:\/\/gysfm.com.ar\/inicio\/el-terrible-accidente-de-trueno-en-pleno-show-en-espana-se-tiro-al-publico-y-cayo-al-piso\/\"},\"author\":{\"name\":\"Prensa G&amp;S FM\",\"@id\":\"https:\/\/gysfm.com.ar\/inicio\/#\/schema\/person\/3abba7593ef2ad19e1be221d54383dc5\"},\"headline\":\"\u200bEl terrible accidente de Trueno en pleno show en Espa\u00f1a: se tir\u00f3 al p\u00fablico y cay\u00f3 al piso\",\"datePublished\":\"2025-07-23T00:31:05+00:00\",\"mainEntityOfPage\":{\"@id\":\"https:\/\/gysfm.com.ar\/inicio\/el-terrible-accidente-de-trueno-en-pleno-show-en-espana-se-tiro-al-publico-y-cayo-al-piso\/\"},\"wordCount\":426,\"publisher\":{\"@id\":\"https:\/\/gysfm.com.ar\/inicio\/#organization\"},\"image\":{\"@id\":\"https:\/\/gysfm.com.ar\/inicio\/el-terrible-accidente-de-trueno-en-pleno-show-en-espana-se-tiro-al-publico-y-cayo-al-piso\/#primaryimage\"},\"thumbnailUrl\":\"https:\/\/gysfm.com.ar\/inicio\/wp-content\/uploads\/2025\/07\/trueno-2065861.jpg\",\"articleSection\":[\"NACIONALES\"],\"inLanguage\":\"es\"},{\"@type\":\"WebPage\",\"@id\":\"https:\/\/gysfm.com.ar\/inicio\/el-terrible-accidente-de-trueno-en-pleno-show-en-espana-se-tiro-al-publico-y-cayo-al-piso\/\",\"url\":\"https:\/\/gysfm.com.ar\/inicio\/el-terrible-accidente-de-trueno-en-pleno-show-en-espana-se-tiro-al-publico-y-cayo-al-piso\/\",\"name\":\"\u200bEl terrible accidente de Trueno en pleno show en Espa\u00f1a: se tir\u00f3 al p\u00fablico y cay\u00f3 al piso - GYS NOTICIAS |\",\"isPartOf\":{\"@id\":\"https:\/\/gysfm.com.ar\/inicio\/#website\"},\"primaryImageOfPage\":{\"@id\":\"https:\/\/gysfm.com.ar\/inicio\/el-terrible-accidente-de-trueno-en-pleno-show-en-espana-se-tiro-al-publico-y-cayo-al-piso\/#primaryimage\"},\"image\":{\"@id\":\"https:\/\/gysfm.com.ar\/inicio\/el-terrible-accidente-de-trueno-en-pleno-show-en-espana-se-tiro-al-publico-y-cayo-al-piso\/#primaryimage\"},\"thumbnailUrl\":\"https:\/\/gysfm.com.ar\/inicio\/wp-content\/uploads\/2025\/07\/trueno-2065861.jpg\",\"datePublished\":\"2025-07-23T00:31:05+00:00\",\"breadcrumb\":{\"@id\":\"https:\/\/gysfm.com.ar\/inicio\/el-terrible-accidente-de-trueno-en-pleno-show-en-espana-se-tiro-al-publico-y-cayo-al-piso\/#breadcrumb\"},\"inLanguage\":\"es\",\"potentialAction\":[{\"@type\":\"ReadAction\",\"target\":[\"https:\/\/gysfm.com.ar\/inicio\/el-terrible-accidente-de-trueno-en-pleno-show-en-espana-se-tiro-al-publico-y-cayo-al-piso\/\"]}]},{\"@type\":\"ImageObject\",\"inLanguage\":\"es\",\"@id\":\"https:\/\/gysfm.com.ar\/inicio\/el-terrible-accidente-de-trueno-en-pleno-show-en-espana-se-tiro-al-publico-y-cayo-al-piso\/#primaryimage\",\"url\":\"https:\/\/gysfm.com.ar\/inicio\/wp-content\/uploads\/2025\/07\/trueno-2065861.jpg\",\"contentUrl\":\"https:\/\/gysfm.com.ar\/inicio\/wp-content\/uploads\/2025\/07\/trueno-2065861.jpg\",\"width\":1140,\"height\":641},{\"@type\":\"BreadcrumbList\",\"@id\":\"https:\/\/gysfm.com.ar\/inicio\/el-terrible-accidente-de-trueno-en-pleno-show-en-espana-se-tiro-al-publico-y-cayo-al-piso\/#breadcrumb\",\"itemListElement\":[{\"@type\":\"ListItem\",\"position\":1,\"name\":\"Portada\",\"item\":\"https:\/\/gysfm.com.ar\/inicio\/\"},{\"@type\":\"ListItem\",\"position\":2,\"name\":\"\u200bEl terrible accidente de Trueno en pleno show en Espa\u00f1a: se tir\u00f3 al p\u00fablico y cay\u00f3 al piso\"}]},{\"@type\":\"WebSite\",\"@id\":\"https:\/\/gysfm.com.ar\/inicio\/#website\",\"url\":\"https:\/\/gysfm.com.ar\/inicio\/\",\"name\":\"GYS NOTICIAS |\",\"description\":\"DIARIO - RADIO ONLINE SAN JUAN ARGENTINA\",\"publisher\":{\"@id\":\"https:\/\/gysfm.com.ar\/inicio\/#organization\"},\"potentialAction\":[{\"@type\":\"SearchAction\",\"target\":{\"@type\":\"EntryPoint\",\"urlTemplate\":\"https:\/\/gysfm.com.ar\/inicio\/?s={search_term_string}\"},\"query-input\":{\"@type\":\"PropertyValueSpecification\",\"valueRequired\":true,\"valueName\":\"search_term_string\"}}],\"inLanguage\":\"es\"},{\"@type\":\"Organization\",\"@id\":\"https:\/\/gysfm.com.ar\/inicio\/#organization\",\"name\":\"GYS NOTICIAS |\",\"url\":\"https:\/\/gysfm.com.ar\/inicio\/\",\"logo\":{\"@type\":\"ImageObject\",\"inLanguage\":\"es\",\"@id\":\"https:\/\/gysfm.com.ar\/inicio\/#\/schema\/logo\/image\/\",\"url\":\"https:\/\/gysfm.com.ar\/inicio\/wp-content\/uploads\/2023\/07\/LOGOGYS-OK.png\",\"contentUrl\":\"https:\/\/gysfm.com.ar\/inicio\/wp-content\/uploads\/2023\/07\/LOGOGYS-OK.png\",\"width\":1170,\"height\":872,\"caption\":\"GYS NOTICIAS |\"},\"image\":{\"@id\":\"https:\/\/gysfm.com.ar\/inicio\/#\/schema\/logo\/image\/\"}},{\"@type\":\"Person\",\"@id\":\"https:\/\/gysfm.com.ar\/inicio\/#\/schema\/person\/3abba7593ef2ad19e1be221d54383dc5\",\"name\":\"Prensa G&amp;S FM\",\"image\":{\"@type\":\"ImageObject\",\"inLanguage\":\"es\",\"@id\":\"https:\/\/gysfm.com.ar\/inicio\/#\/schema\/person\/image\/\",\"url\":\"https:\/\/secure.gravatar.com\/avatar\/096ec78df02049ab018702bb4ccedf659377fa92a26540b5247612077a0dbd29?s=96&d=mm&r=g\",\"contentUrl\":\"https:\/\/secure.gravatar.com\/avatar\/096ec78df02049ab018702bb4ccedf659377fa92a26540b5247612077a0dbd29?s=96&d=mm&r=g\",\"caption\":\"Prensa G&amp;S FM\"},\"sameAs\":[\"https:\/\/gysfm.com.ar\/\"],\"url\":\"https:\/\/gysfm.com.ar\/inicio\/author\/lucasm\/\"}]}<\/script>\n<!-- \/ Yoast SEO plugin. -->","yoast_head_json":{"title":"\u200bEl terrible accidente de Trueno en pleno show en Espa\u00f1a: se tir\u00f3 al p\u00fablico y cay\u00f3 al piso - GYS NOTICIAS |","robots":{"index":"index","follow":"follow","max-snippet":"max-snippet:-1","max-image-preview":"max-image-preview:large","max-video-preview":"max-video-preview:-1"},"canonical":"https:\/\/gysfm.com.ar\/inicio\/el-terrible-accidente-de-trueno-en-pleno-show-en-espana-se-tiro-al-publico-y-cayo-al-piso\/","og_locale":"es_ES","og_type":"article","og_title":"\u200bEl terrible accidente de Trueno en pleno show en Espa\u00f1a: se tir\u00f3 al p\u00fablico y cay\u00f3 al piso - GYS NOTICIAS |","og_description":"Trueno sufri\u00f3 un duro accidente en unos de sus shows realizados en Galicia, Espa\u00f1a, y en LAM (Am\u00e9rica TV) mostraron todos los detalles. \u00bfC\u00f3mo fue el accidente de Trueno? \u00abSe tir\u00f3 en un ataque de &#8216;bueno, ag\u00e1rrenme&#8217; y los gallegos no entendieron, no lo atajaron. Subi\u00f3 un poco malhumorado, se retir\u00f3 del escenario, fue medio [&hellip;]","og_url":"https:\/\/gysfm.com.ar\/inicio\/el-terrible-accidente-de-trueno-en-pleno-show-en-espana-se-tiro-al-publico-y-cayo-al-piso\/","og_site_name":"GYS NOTICIAS |","article_published_time":"2025-07-23T00:31:05+00:00","og_image":[{"url":"https:\/\/fotos.perfil.com\/\/2025\/07\/19\/900\/0\/katy-perry-sobre-el-fallo-en-la-mariposa-gigante-2064812.jpg","type":"","width":"","height":""}],"author":"Prensa G&amp;S FM","twitter_card":"summary_large_image","twitter_misc":{"Escrito por":"Prensa G&amp;S FM","Tiempo de lectura":"2 minutos"},"schema":{"@context":"https:\/\/schema.org","@graph":[{"@type":"Article","@id":"https:\/\/gysfm.com.ar\/inicio\/el-terrible-accidente-de-trueno-en-pleno-show-en-espana-se-tiro-al-publico-y-cayo-al-piso\/#article","isPartOf":{"@id":"https:\/\/gysfm.com.ar\/inicio\/el-terrible-accidente-de-trueno-en-pleno-show-en-espana-se-tiro-al-publico-y-cayo-al-piso\/"},"author":{"name":"Prensa G&amp;S FM","@id":"https:\/\/gysfm.com.ar\/inicio\/#\/schema\/person\/3abba7593ef2ad19e1be221d54383dc5"},"headline":"\u200bEl terrible accidente de Trueno en pleno show en Espa\u00f1a: se tir\u00f3 al p\u00fablico y cay\u00f3 al piso","datePublished":"2025-07-23T00:31:05+00:00","mainEntityOfPage":{"@id":"https:\/\/gysfm.com.ar\/inicio\/el-terrible-accidente-de-trueno-en-pleno-show-en-espana-se-tiro-al-publico-y-cayo-al-piso\/"},"wordCount":426,"publisher":{"@id":"https:\/\/gysfm.com.ar\/inicio\/#organization"},"image":{"@id":"https:\/\/gysfm.com.ar\/inicio\/el-terrible-accidente-de-trueno-en-pleno-show-en-espana-se-tiro-al-publico-y-cayo-al-piso\/#primaryimage"},"thumbnailUrl":"https:\/\/gysfm.com.ar\/inicio\/wp-content\/uploads\/2025\/07\/trueno-2065861.jpg","articleSection":["NACIONALES"],"inLanguage":"es"},{"@type":"WebPage","@id":"https:\/\/gysfm.com.ar\/inicio\/el-terrible-accidente-de-trueno-en-pleno-show-en-espana-se-tiro-al-publico-y-cayo-al-piso\/","url":"https:\/\/gysfm.com.ar\/inicio\/el-terrible-accidente-de-trueno-en-pleno-show-en-espana-se-tiro-al-publico-y-cayo-al-piso\/","name":"\u200bEl terrible accidente de Trueno en pleno show en Espa\u00f1a: se tir\u00f3 al p\u00fablico y cay\u00f3 al piso - GYS NOTICIAS |","isPartOf":{"@id":"https:\/\/gysfm.com.ar\/inicio\/#website"},"primaryImageOfPage":{"@id":"https:\/\/gysfm.com.ar\/inicio\/el-terrible-accidente-de-trueno-en-pleno-show-en-espana-se-tiro-al-publico-y-cayo-al-piso\/#primaryimage"},"image":{"@id":"https:\/\/gysfm.com.ar\/inicio\/el-terrible-accidente-de-trueno-en-pleno-show-en-espana-se-tiro-al-publico-y-cayo-al-piso\/#primaryimage"},"thumbnailUrl":"https:\/\/gysfm.com.ar\/inicio\/wp-content\/uploads\/2025\/07\/trueno-2065861.jpg","datePublished":"2025-07-23T00:31:05+00:00","breadcrumb":{"@id":"https:\/\/gysfm.com.ar\/inicio\/el-terrible-accidente-de-trueno-en-pleno-show-en-espana-se-tiro-al-publico-y-cayo-al-piso\/#breadcrumb"},"inLanguage":"es","potentialAction":[{"@type":"ReadAction","target":["https:\/\/gysfm.com.ar\/inicio\/el-terrible-accidente-de-trueno-en-pleno-show-en-espana-se-tiro-al-publico-y-cayo-al-piso\/"]}]},{"@type":"ImageObject","inLanguage":"es","@id":"https:\/\/gysfm.com.ar\/inicio\/el-terrible-accidente-de-trueno-en-pleno-show-en-espana-se-tiro-al-publico-y-cayo-al-piso\/#primaryimage","url":"https:\/\/gysfm.com.ar\/inicio\/wp-content\/uploads\/2025\/07\/trueno-2065861.jpg","contentUrl":"https:\/\/gysfm.com.ar\/inicio\/wp-content\/uploads\/2025\/07\/trueno-2065861.jpg","width":1140,"height":641},{"@type":"BreadcrumbList","@id":"https:\/\/gysfm.com.ar\/inicio\/el-terrible-accidente-de-trueno-en-pleno-show-en-espana-se-tiro-al-publico-y-cayo-al-piso\/#breadcrumb","itemListElement":[{"@type":"ListItem","position":1,"name":"Portada","item":"https:\/\/gysfm.com.ar\/inicio\/"},{"@type":"ListItem","position":2,"name":"\u200bEl terrible accidente de Trueno en pleno show en Espa\u00f1a: se tir\u00f3 al p\u00fablico y cay\u00f3 al piso"}]},{"@type":"WebSite","@id":"https:\/\/gysfm.com.ar\/inicio\/#website","url":"https:\/\/gysfm.com.ar\/inicio\/","name":"GYS NOTICIAS |","description":"DIARIO - RADIO ONLINE SAN JUAN ARGENTINA","publisher":{"@id":"https:\/\/gysfm.com.ar\/inicio\/#organization"},"potentialAction":[{"@type":"SearchAction","target":{"@type":"EntryPoint","urlTemplate":"https:\/\/gysfm.com.ar\/inicio\/?s={search_term_string}"},"query-input":{"@type":"PropertyValueSpecification","valueRequired":true,"valueName":"search_term_string"}}],"inLanguage":"es"},{"@type":"Organization","@id":"https:\/\/gysfm.com.ar\/inicio\/#organization","name":"GYS NOTICIAS |","url":"https:\/\/gysfm.com.ar\/inicio\/","logo":{"@type":"ImageObject","inLanguage":"es","@id":"https:\/\/gysfm.com.ar\/inicio\/#\/schema\/logo\/image\/","url":"https:\/\/gysfm.com.ar\/inicio\/wp-content\/uploads\/2023\/07\/LOGOGYS-OK.png","contentUrl":"https:\/\/gysfm.com.ar\/inicio\/wp-content\/uploads\/2023\/07\/LOGOGYS-OK.png","width":1170,"height":872,"caption":"GYS NOTICIAS |"},"image":{"@id":"https:\/\/gysfm.com.ar\/inicio\/#\/schema\/logo\/image\/"}},{"@type":"Person","@id":"https:\/\/gysfm.com.ar\/inicio\/#\/schema\/person\/3abba7593ef2ad19e1be221d54383dc5","name":"Prensa G&amp;S FM","image":{"@type":"ImageObject","inLanguage":"es","@id":"https:\/\/gysfm.com.ar\/inicio\/#\/schema\/person\/image\/","url":"https:\/\/secure.gravatar.com\/avatar\/096ec78df02049ab018702bb4ccedf659377fa92a26540b5247612077a0dbd29?s=96&d=mm&r=g","contentUrl":"https:\/\/secure.gravatar.com\/avatar\/096ec78df02049ab018702bb4ccedf659377fa92a26540b5247612077a0dbd29?s=96&d=mm&r=g","caption":"Prensa G&amp;S FM"},"sameAs":["https:\/\/gysfm.com.ar\/"],"url":"https:\/\/gysfm.com.ar\/inicio\/author\/lucasm\/"}]}},"_links":{"self":[{"href":"https:\/\/gysfm.com.ar\/inicio\/wp-json\/wp\/v2\/posts\/138550","targetHints":{"allow":["GET"]}}],"collection":[{"href":"https:\/\/gysfm.com.ar\/inicio\/wp-json\/wp\/v2\/posts"}],"about":[{"href":"https:\/\/gysfm.com.ar\/inicio\/wp-json\/wp\/v2\/types\/post"}],"author":[{"embeddable":true,"href":"https:\/\/gysfm.com.ar\/inicio\/wp-json\/wp\/v2\/users\/2"}],"replies":[{"embeddable":true,"href":"https:\/\/gysfm.com.ar\/inicio\/wp-json\/wp\/v2\/comments?post=138550"}],"version-history":[{"count":0,"href":"https:\/\/gysfm.com.ar\/inicio\/wp-json\/wp\/v2\/posts\/138550\/revisions"}],"wp:featuredmedia":[{"embeddable":true,"href":"https:\/\/gysfm.com.ar\/inicio\/wp-json\/wp\/v2\/media\/138551"}],"wp:attachment":[{"href":"https:\/\/gysfm.com.ar\/inicio\/wp-json\/wp\/v2\/media?parent=138550"}],"wp:term":[{"taxonomy":"category","embeddable":true,"href":"https:\/\/gysfm.com.ar\/inicio\/wp-json\/wp\/v2\/categories?post=138550"},{"taxonomy":"post_tag","embeddable":true,"href":"https:\/\/gysfm.com.ar\/inicio\/wp-json\/wp\/v2\/tags?post=138550"}],"curies":[{"name":"wp","href":"https:\/\/api.w.org\/{rel}","templated":true}]}}