{"id":138546,"date":"2025-07-22T20:51:12","date_gmt":"2025-07-22T23:51:12","guid":{"rendered":"https:\/\/gysfm.com.ar\/inicio\/cambio-de-recorrido-de-la-linea-504-desde-este-miercoles\/"},"modified":"2025-07-22T20:51:12","modified_gmt":"2025-07-22T23:51:12","slug":"cambio-de-recorrido-de-la-linea-504-desde-este-miercoles","status":"publish","type":"post","link":"https:\/\/gysfm.com.ar\/inicio\/cambio-de-recorrido-de-la-linea-504-desde-este-miercoles\/","title":{"rendered":"cambio de recorrido de la l\u00ednea 504 desde este mi\u00e9rcoles"},"content":{"rendered":"<p> <br \/>\n<\/p>\n<div>\n<div class=\"force_768\">\n<p>La Direcci\u00f3n de Coordinaci\u00f3n de Red Tulum, dependiente del Ministerio de Gobierno, inform\u00f3 que a partir del mi\u00e9rcoles 23 de julio comenzar\u00e1 a regir un nuevo recorrido para la l\u00ednea 504 de colectivos, operada por la empresa Vallecito. La modificaci\u00f3n tiene como objetivo optimizar la cobertura territorial del servicio y brindar una mejor conexi\u00f3n para los vecinos del sector sur de la ciudad de San Jos\u00e9 de J\u00e1chal.<\/p>\n<p>En sentido desde San Jos\u00e9 de J\u00e1chal hacia Huaco, las unidades circular\u00e1n por la Terminal de \u00d3mnibus, calle Rivadavia, Sarmiento, San Juan, Aberastain, Avenida Espa\u00f1a y Caseros, para luego retomar su camino\u00a0habitual.<\/p>\n<p>En direcci\u00f3n contraria, desde Huaco hacia San Jos\u00e9 de J\u00e1chal, el colectivo recorrer\u00e1 Ruta Nacional 150, Aberastain, 25 de Mayo, Caseros, Avenida Espa\u00f1a, General Paz, San Mart\u00edn y Avenida Per\u00f3n, finalizando nuevamente en la terminal jachallera.<\/p>\n<p>Este nuevo recorrido fue dise\u00f1ado tras un an\u00e1lisis t\u00e9cnico que incluy\u00f3 relevamientos en el lugar, reuniones con la empresa prestataria y el estudio de reclamos de usuarios. La modificaci\u00f3n no afectar\u00e1 la frecuencia ni los tiempos de viaje y se pondr\u00e1 a prueba por un plazo inicial de 60 d\u00edas.<\/p>\n<\/div>\n<\/div>\n\n","protected":false},"excerpt":{"rendered":"<p>La Direcci\u00f3n de Coordinaci\u00f3n de Red Tulum, dependiente del Ministerio de Gobierno, inform\u00f3 que a partir del mi\u00e9rcoles 23 de julio comenzar\u00e1 a regir un nuevo recorrido para la l\u00ednea 504 de colectivos, operada por la empresa Vallecito. La modificaci\u00f3n tiene como objetivo optimizar la cobertura territorial del servicio y brindar una mejor conexi\u00f3n para [&hellip;]<\/p>\n","protected":false},"author":1,"featured_media":138547,"comment_status":"closed","ping_status":"closed","sticky":false,"template":"","format":"standard","meta":{"footnotes":""},"categories":[32],"tags":[],"class_list":["post-138546","post","type-post","status-publish","format-standard","has-post-thumbnail","hentry","category-municipales"],"yoast_head":"<!-- This site is optimized with the Yoast SEO plugin v24.4 - https:\/\/yoast.com\/wordpress\/plugins\/seo\/ -->\n<title>cambio de recorrido de la l\u00ednea 504 desde este mi\u00e9rcoles - GYS NOTICIAS |<\/title>\n<meta name=\"robots\" content=\"index, follow, max-snippet:-1, max-image-preview:large, max-video-preview:-1\" \/>\n<link rel=\"canonical\" href=\"https:\/\/gysfm.com.ar\/inicio\/cambio-de-recorrido-de-la-linea-504-desde-este-miercoles\/\" \/>\n<meta property=\"og:locale\" content=\"es_ES\" \/>\n<meta property=\"og:type\" content=\"article\" \/>\n<meta property=\"og:title\" content=\"cambio de recorrido de la l\u00ednea 504 desde este mi\u00e9rcoles - GYS NOTICIAS |\" \/>\n<meta property=\"og:description\" content=\"La Direcci\u00f3n de Coordinaci\u00f3n de Red Tulum, dependiente del Ministerio de Gobierno, inform\u00f3 que a partir del mi\u00e9rcoles 23 de julio comenzar\u00e1 a regir un nuevo recorrido para la l\u00ednea 504 de colectivos, operada por la empresa Vallecito. La modificaci\u00f3n tiene como objetivo optimizar la cobertura territorial del servicio y brindar una mejor conexi\u00f3n para [&hellip;]\" \/>\n<meta property=\"og:url\" content=\"https:\/\/gysfm.com.ar\/inicio\/cambio-de-recorrido-de-la-linea-504-desde-este-miercoles\/\" \/>\n<meta property=\"og:site_name\" content=\"GYS NOTICIAS |\" \/>\n<meta property=\"article:published_time\" content=\"2025-07-22T23:51:12+00:00\" \/>\n<meta name=\"author\" content=\"admin\" \/>\n<meta name=\"twitter:card\" content=\"summary_large_image\" \/>\n<meta name=\"twitter:label1\" content=\"Escrito por\" \/>\n\t<meta name=\"twitter:data1\" content=\"admin\" \/>\n\t<meta name=\"twitter:label2\" content=\"Tiempo de lectura\" \/>\n\t<meta name=\"twitter:data2\" content=\"1 minuto\" \/>\n<script type=\"application\/ld+json\" class=\"yoast-schema-graph\">{\"@context\":\"https:\/\/schema.org\",\"@graph\":[{\"@type\":\"Article\",\"@id\":\"https:\/\/gysfm.com.ar\/inicio\/cambio-de-recorrido-de-la-linea-504-desde-este-miercoles\/#article\",\"isPartOf\":{\"@id\":\"https:\/\/gysfm.com.ar\/inicio\/cambio-de-recorrido-de-la-linea-504-desde-este-miercoles\/\"},\"author\":{\"name\":\"admin\",\"@id\":\"https:\/\/gysfm.com.ar\/inicio\/#\/schema\/person\/5bedd7ecd35cc35548d89effafa23696\"},\"headline\":\"cambio de recorrido de la l\u00ednea 504 desde este mi\u00e9rcoles\",\"datePublished\":\"2025-07-22T23:51:12+00:00\",\"mainEntityOfPage\":{\"@id\":\"https:\/\/gysfm.com.ar\/inicio\/cambio-de-recorrido-de-la-linea-504-desde-este-miercoles\/\"},\"wordCount\":215,\"publisher\":{\"@id\":\"https:\/\/gysfm.com.ar\/inicio\/#organization\"},\"image\":{\"@id\":\"https:\/\/gysfm.com.ar\/inicio\/cambio-de-recorrido-de-la-linea-504-desde-este-miercoles\/#primaryimage\"},\"thumbnailUrl\":\"https:\/\/gysfm.com.ar\/inicio\/wp-content\/uploads\/2025\/07\/redtulum-jpeg.jpeg\",\"articleSection\":[\"MUNICIPALES\"],\"inLanguage\":\"es\"},{\"@type\":\"WebPage\",\"@id\":\"https:\/\/gysfm.com.ar\/inicio\/cambio-de-recorrido-de-la-linea-504-desde-este-miercoles\/\",\"url\":\"https:\/\/gysfm.com.ar\/inicio\/cambio-de-recorrido-de-la-linea-504-desde-este-miercoles\/\",\"name\":\"cambio de recorrido de la l\u00ednea 504 desde este mi\u00e9rcoles - GYS NOTICIAS |\",\"isPartOf\":{\"@id\":\"https:\/\/gysfm.com.ar\/inicio\/#website\"},\"primaryImageOfPage\":{\"@id\":\"https:\/\/gysfm.com.ar\/inicio\/cambio-de-recorrido-de-la-linea-504-desde-este-miercoles\/#primaryimage\"},\"image\":{\"@id\":\"https:\/\/gysfm.com.ar\/inicio\/cambio-de-recorrido-de-la-linea-504-desde-este-miercoles\/#primaryimage\"},\"thumbnailUrl\":\"https:\/\/gysfm.com.ar\/inicio\/wp-content\/uploads\/2025\/07\/redtulum-jpeg.jpeg\",\"datePublished\":\"2025-07-22T23:51:12+00:00\",\"breadcrumb\":{\"@id\":\"https:\/\/gysfm.com.ar\/inicio\/cambio-de-recorrido-de-la-linea-504-desde-este-miercoles\/#breadcrumb\"},\"inLanguage\":\"es\",\"potentialAction\":[{\"@type\":\"ReadAction\",\"target\":[\"https:\/\/gysfm.com.ar\/inicio\/cambio-de-recorrido-de-la-linea-504-desde-este-miercoles\/\"]}]},{\"@type\":\"ImageObject\",\"inLanguage\":\"es\",\"@id\":\"https:\/\/gysfm.com.ar\/inicio\/cambio-de-recorrido-de-la-linea-504-desde-este-miercoles\/#primaryimage\",\"url\":\"https:\/\/gysfm.com.ar\/inicio\/wp-content\/uploads\/2025\/07\/redtulum-jpeg.jpeg\",\"contentUrl\":\"https:\/\/gysfm.com.ar\/inicio\/wp-content\/uploads\/2025\/07\/redtulum-jpeg.jpeg\",\"width\":600,\"height\":315},{\"@type\":\"BreadcrumbList\",\"@id\":\"https:\/\/gysfm.com.ar\/inicio\/cambio-de-recorrido-de-la-linea-504-desde-este-miercoles\/#breadcrumb\",\"itemListElement\":[{\"@type\":\"ListItem\",\"position\":1,\"name\":\"Portada\",\"item\":\"https:\/\/gysfm.com.ar\/inicio\/\"},{\"@type\":\"ListItem\",\"position\":2,\"name\":\"cambio de recorrido de la l\u00ednea 504 desde este mi\u00e9rcoles\"}]},{\"@type\":\"WebSite\",\"@id\":\"https:\/\/gysfm.com.ar\/inicio\/#website\",\"url\":\"https:\/\/gysfm.com.ar\/inicio\/\",\"name\":\"GYS NOTICIAS |\",\"description\":\"DIARIO - RADIO ONLINE SAN JUAN ARGENTINA\",\"publisher\":{\"@id\":\"https:\/\/gysfm.com.ar\/inicio\/#organization\"},\"potentialAction\":[{\"@type\":\"SearchAction\",\"target\":{\"@type\":\"EntryPoint\",\"urlTemplate\":\"https:\/\/gysfm.com.ar\/inicio\/?s={search_term_string}\"},\"query-input\":{\"@type\":\"PropertyValueSpecification\",\"valueRequired\":true,\"valueName\":\"search_term_string\"}}],\"inLanguage\":\"es\"},{\"@type\":\"Organization\",\"@id\":\"https:\/\/gysfm.com.ar\/inicio\/#organization\",\"name\":\"GYS NOTICIAS |\",\"url\":\"https:\/\/gysfm.com.ar\/inicio\/\",\"logo\":{\"@type\":\"ImageObject\",\"inLanguage\":\"es\",\"@id\":\"https:\/\/gysfm.com.ar\/inicio\/#\/schema\/logo\/image\/\",\"url\":\"https:\/\/gysfm.com.ar\/inicio\/wp-content\/uploads\/2023\/07\/LOGOGYS-OK.png\",\"contentUrl\":\"https:\/\/gysfm.com.ar\/inicio\/wp-content\/uploads\/2023\/07\/LOGOGYS-OK.png\",\"width\":1170,\"height\":872,\"caption\":\"GYS NOTICIAS |\"},\"image\":{\"@id\":\"https:\/\/gysfm.com.ar\/inicio\/#\/schema\/logo\/image\/\"}},{\"@type\":\"Person\",\"@id\":\"https:\/\/gysfm.com.ar\/inicio\/#\/schema\/person\/5bedd7ecd35cc35548d89effafa23696\",\"name\":\"admin\",\"image\":{\"@type\":\"ImageObject\",\"inLanguage\":\"es\",\"@id\":\"https:\/\/gysfm.com.ar\/inicio\/#\/schema\/person\/image\/\",\"url\":\"https:\/\/secure.gravatar.com\/avatar\/c331d312b5243fb64d5ba28108a447b27c925295129a363082c9ea52c28d32c2?s=96&d=mm&r=g\",\"contentUrl\":\"https:\/\/secure.gravatar.com\/avatar\/c331d312b5243fb64d5ba28108a447b27c925295129a363082c9ea52c28d32c2?s=96&d=mm&r=g\",\"caption\":\"admin\"},\"sameAs\":[\"https:\/\/gysfm.com.ar\/inicio\"],\"url\":\"https:\/\/gysfm.com.ar\/inicio\/author\/admin\/\"}]}<\/script>\n<!-- \/ Yoast SEO plugin. -->","yoast_head_json":{"title":"cambio de recorrido de la l\u00ednea 504 desde este mi\u00e9rcoles - GYS NOTICIAS |","robots":{"index":"index","follow":"follow","max-snippet":"max-snippet:-1","max-image-preview":"max-image-preview:large","max-video-preview":"max-video-preview:-1"},"canonical":"https:\/\/gysfm.com.ar\/inicio\/cambio-de-recorrido-de-la-linea-504-desde-este-miercoles\/","og_locale":"es_ES","og_type":"article","og_title":"cambio de recorrido de la l\u00ednea 504 desde este mi\u00e9rcoles - GYS NOTICIAS |","og_description":"La Direcci\u00f3n de Coordinaci\u00f3n de Red Tulum, dependiente del Ministerio de Gobierno, inform\u00f3 que a partir del mi\u00e9rcoles 23 de julio comenzar\u00e1 a regir un nuevo recorrido para la l\u00ednea 504 de colectivos, operada por la empresa Vallecito. La modificaci\u00f3n tiene como objetivo optimizar la cobertura territorial del servicio y brindar una mejor conexi\u00f3n para [&hellip;]","og_url":"https:\/\/gysfm.com.ar\/inicio\/cambio-de-recorrido-de-la-linea-504-desde-este-miercoles\/","og_site_name":"GYS NOTICIAS |","article_published_time":"2025-07-22T23:51:12+00:00","author":"admin","twitter_card":"summary_large_image","twitter_misc":{"Escrito por":"admin","Tiempo de lectura":"1 minuto"},"schema":{"@context":"https:\/\/schema.org","@graph":[{"@type":"Article","@id":"https:\/\/gysfm.com.ar\/inicio\/cambio-de-recorrido-de-la-linea-504-desde-este-miercoles\/#article","isPartOf":{"@id":"https:\/\/gysfm.com.ar\/inicio\/cambio-de-recorrido-de-la-linea-504-desde-este-miercoles\/"},"author":{"name":"admin","@id":"https:\/\/gysfm.com.ar\/inicio\/#\/schema\/person\/5bedd7ecd35cc35548d89effafa23696"},"headline":"cambio de recorrido de la l\u00ednea 504 desde este mi\u00e9rcoles","datePublished":"2025-07-22T23:51:12+00:00","mainEntityOfPage":{"@id":"https:\/\/gysfm.com.ar\/inicio\/cambio-de-recorrido-de-la-linea-504-desde-este-miercoles\/"},"wordCount":215,"publisher":{"@id":"https:\/\/gysfm.com.ar\/inicio\/#organization"},"image":{"@id":"https:\/\/gysfm.com.ar\/inicio\/cambio-de-recorrido-de-la-linea-504-desde-este-miercoles\/#primaryimage"},"thumbnailUrl":"https:\/\/gysfm.com.ar\/inicio\/wp-content\/uploads\/2025\/07\/redtulum-jpeg.jpeg","articleSection":["MUNICIPALES"],"inLanguage":"es"},{"@type":"WebPage","@id":"https:\/\/gysfm.com.ar\/inicio\/cambio-de-recorrido-de-la-linea-504-desde-este-miercoles\/","url":"https:\/\/gysfm.com.ar\/inicio\/cambio-de-recorrido-de-la-linea-504-desde-este-miercoles\/","name":"cambio de recorrido de la l\u00ednea 504 desde este mi\u00e9rcoles - GYS NOTICIAS |","isPartOf":{"@id":"https:\/\/gysfm.com.ar\/inicio\/#website"},"primaryImageOfPage":{"@id":"https:\/\/gysfm.com.ar\/inicio\/cambio-de-recorrido-de-la-linea-504-desde-este-miercoles\/#primaryimage"},"image":{"@id":"https:\/\/gysfm.com.ar\/inicio\/cambio-de-recorrido-de-la-linea-504-desde-este-miercoles\/#primaryimage"},"thumbnailUrl":"https:\/\/gysfm.com.ar\/inicio\/wp-content\/uploads\/2025\/07\/redtulum-jpeg.jpeg","datePublished":"2025-07-22T23:51:12+00:00","breadcrumb":{"@id":"https:\/\/gysfm.com.ar\/inicio\/cambio-de-recorrido-de-la-linea-504-desde-este-miercoles\/#breadcrumb"},"inLanguage":"es","potentialAction":[{"@type":"ReadAction","target":["https:\/\/gysfm.com.ar\/inicio\/cambio-de-recorrido-de-la-linea-504-desde-este-miercoles\/"]}]},{"@type":"ImageObject","inLanguage":"es","@id":"https:\/\/gysfm.com.ar\/inicio\/cambio-de-recorrido-de-la-linea-504-desde-este-miercoles\/#primaryimage","url":"https:\/\/gysfm.com.ar\/inicio\/wp-content\/uploads\/2025\/07\/redtulum-jpeg.jpeg","contentUrl":"https:\/\/gysfm.com.ar\/inicio\/wp-content\/uploads\/2025\/07\/redtulum-jpeg.jpeg","width":600,"height":315},{"@type":"BreadcrumbList","@id":"https:\/\/gysfm.com.ar\/inicio\/cambio-de-recorrido-de-la-linea-504-desde-este-miercoles\/#breadcrumb","itemListElement":[{"@type":"ListItem","position":1,"name":"Portada","item":"https:\/\/gysfm.com.ar\/inicio\/"},{"@type":"ListItem","position":2,"name":"cambio de recorrido de la l\u00ednea 504 desde este mi\u00e9rcoles"}]},{"@type":"WebSite","@id":"https:\/\/gysfm.com.ar\/inicio\/#website","url":"https:\/\/gysfm.com.ar\/inicio\/","name":"GYS NOTICIAS |","description":"DIARIO - RADIO ONLINE SAN JUAN ARGENTINA","publisher":{"@id":"https:\/\/gysfm.com.ar\/inicio\/#organization"},"potentialAction":[{"@type":"SearchAction","target":{"@type":"EntryPoint","urlTemplate":"https:\/\/gysfm.com.ar\/inicio\/?s={search_term_string}"},"query-input":{"@type":"PropertyValueSpecification","valueRequired":true,"valueName":"search_term_string"}}],"inLanguage":"es"},{"@type":"Organization","@id":"https:\/\/gysfm.com.ar\/inicio\/#organization","name":"GYS NOTICIAS |","url":"https:\/\/gysfm.com.ar\/inicio\/","logo":{"@type":"ImageObject","inLanguage":"es","@id":"https:\/\/gysfm.com.ar\/inicio\/#\/schema\/logo\/image\/","url":"https:\/\/gysfm.com.ar\/inicio\/wp-content\/uploads\/2023\/07\/LOGOGYS-OK.png","contentUrl":"https:\/\/gysfm.com.ar\/inicio\/wp-content\/uploads\/2023\/07\/LOGOGYS-OK.png","width":1170,"height":872,"caption":"GYS NOTICIAS |"},"image":{"@id":"https:\/\/gysfm.com.ar\/inicio\/#\/schema\/logo\/image\/"}},{"@type":"Person","@id":"https:\/\/gysfm.com.ar\/inicio\/#\/schema\/person\/5bedd7ecd35cc35548d89effafa23696","name":"admin","image":{"@type":"ImageObject","inLanguage":"es","@id":"https:\/\/gysfm.com.ar\/inicio\/#\/schema\/person\/image\/","url":"https:\/\/secure.gravatar.com\/avatar\/c331d312b5243fb64d5ba28108a447b27c925295129a363082c9ea52c28d32c2?s=96&d=mm&r=g","contentUrl":"https:\/\/secure.gravatar.com\/avatar\/c331d312b5243fb64d5ba28108a447b27c925295129a363082c9ea52c28d32c2?s=96&d=mm&r=g","caption":"admin"},"sameAs":["https:\/\/gysfm.com.ar\/inicio"],"url":"https:\/\/gysfm.com.ar\/inicio\/author\/admin\/"}]}},"_links":{"self":[{"href":"https:\/\/gysfm.com.ar\/inicio\/wp-json\/wp\/v2\/posts\/138546","targetHints":{"allow":["GET"]}}],"collection":[{"href":"https:\/\/gysfm.com.ar\/inicio\/wp-json\/wp\/v2\/posts"}],"about":[{"href":"https:\/\/gysfm.com.ar\/inicio\/wp-json\/wp\/v2\/types\/post"}],"author":[{"embeddable":true,"href":"https:\/\/gysfm.com.ar\/inicio\/wp-json\/wp\/v2\/users\/1"}],"replies":[{"embeddable":true,"href":"https:\/\/gysfm.com.ar\/inicio\/wp-json\/wp\/v2\/comments?post=138546"}],"version-history":[{"count":0,"href":"https:\/\/gysfm.com.ar\/inicio\/wp-json\/wp\/v2\/posts\/138546\/revisions"}],"wp:featuredmedia":[{"embeddable":true,"href":"https:\/\/gysfm.com.ar\/inicio\/wp-json\/wp\/v2\/media\/138547"}],"wp:attachment":[{"href":"https:\/\/gysfm.com.ar\/inicio\/wp-json\/wp\/v2\/media?parent=138546"}],"wp:term":[{"taxonomy":"category","embeddable":true,"href":"https:\/\/gysfm.com.ar\/inicio\/wp-json\/wp\/v2\/categories?post=138546"},{"taxonomy":"post_tag","embeddable":true,"href":"https:\/\/gysfm.com.ar\/inicio\/wp-json\/wp\/v2\/tags?post=138546"}],"curies":[{"name":"wp","href":"https:\/\/api.w.org\/{rel}","templated":true}]}}