{"id":138540,"date":"2025-07-22T20:42:45","date_gmt":"2025-07-22T23:42:45","guid":{"rendered":"https:\/\/gysfm.com.ar\/inicio\/el-brutal-asesinato-de-un-padre-y-su-hija-de-siete-anos-sacude-a-chile-en-plena-crisis-de-seguridad\/"},"modified":"2025-07-22T20:42:46","modified_gmt":"2025-07-22T23:42:46","slug":"el-brutal-asesinato-de-un-padre-y-su-hija-de-siete-anos-sacude-a-chile-en-plena-crisis-de-seguridad","status":"publish","type":"post","link":"https:\/\/gysfm.com.ar\/inicio\/el-brutal-asesinato-de-un-padre-y-su-hija-de-siete-anos-sacude-a-chile-en-plena-crisis-de-seguridad\/","title":{"rendered":"El brutal asesinato de un padre y su hija de siete a\u00f1os sacude a Chile en plena crisis de seguridad"},"content":{"rendered":"<p> <br \/>\n<\/p>\n<div>\n<p class=\"com-paragraph  --capital --s\">SANTIAGO.- <strong>Un hombre y su hija de siete a\u00f1os fallecieron<\/strong> este martes tras ser <strong>acribillados cuando circulaban en autom\u00f3vil por una de las comunas m\u00e1s peligrosas de Santiago<\/strong>. El ataque, con m\u00e1s de 75 disparos, ha generado conmoci\u00f3n en un pa\u00eds que atraviesa una <a href=\"https:\/\/www.lanacion.com.ar\/el-mundo\/crimen-organizado-y-violencia-los-chilenos-cambian-sus-costumbres-frente-a-la-crisis-de-seguridad-nid31012025\/\" target=\"_self\" title=\"https:\/\/www.lanacion.com.ar\/el-mundo\/crimen-organizado-y-violencia-los-chilenos-cambian-sus-costumbres-frente-a-la-crisis-de-seguridad-nid31012025\/\" class=\"com-link\" data-mrf-recirculation=\"n_link_parrafo\"><strong>crisis de seguridad<\/strong><\/a> sin precedentes.<\/p>\n<p class=\"com-paragraph   --s\">El brutal hecho ocurri\u00f3 anoche en la comuna de<strong> La Granja<\/strong>, al sur de la capital chilena. Seg\u00fan inform\u00f3 el martes Rodrigo Rodr\u00edguez, jefe de la brigada de homicidios a cargo del caso, individuos no identificados <strong>dispararon desde otro veh\u00edculo directamente contra el auto en el que viajaban las v\u00edctimas<\/strong>, ambos de nacionalidad chilena.<\/p>\n<p><iframe src=\"https:\/\/www.google.com\/maps\/embed?pb=!1m18!1m12!1m3!1d53209.66755921432!2d-70.6566455685059!3d-33.53767429107409!2m3!1f0!2f0!3f0!3m2!1i1024!2i768!4f13.1!3m3!1m2!1s0x9662da7867f9c395%3A0x28d04b018a125a37!2sLa%20Granja%2C%20Regi%C3%B3n%20Metropolitana%2C%20Chile!5e0!3m2!1ses!2sar!4v1753199037604!5m2!1ses!2sar\" width=\"600\" height=\"450\" style=\"border:0;\" allowfullscreen=\"\" loading=\"lazy\" referrerpolicy=\"no-referrer-when-downgrade\"><\/iframe><\/p>\n<p class=\"com-paragraph   --s\">\u201cLos primeros antecedentes y la criminal\u00edstica de campo que se est\u00e1 aplicando en el sitio del suceso hablan de <strong>m\u00e1s de 75 impactos bal\u00edsticos<\/strong>\u201d, se\u00f1al\u00f3 Rodr\u00edguez, quien a\u00f1adi\u00f3 que la agresi\u00f3n fue \u201cdirecta a las v\u00edctimas\u201d y que <strong>tanto la cantidad de disparos como el motivo del ataque siguen bajo investigaci\u00f3n<\/strong>.<\/p>\n<p class=\"com-paragraph   --s\">\u201cEstamos determinando y estableciendo la din\u00e1mica de los hechos, recabando antecedentes como c\u00e1maras y testimonios de testigos\u201d, continu\u00f3 Rodr\u00edguez.<\/p>\n<p class=\"com-paragraph   --s\">En la misma l\u00ednea, la fiscal de de los Equipos de Crimen Organizado y Homicidios (ECOH), Marcela Adasme, detall\u00f3 que se trat\u00f3 de <strong>\u201cun ataque directo al veh\u00edculo en el cual se encontraban ambas v\u00edctimas y producto de lo cual habr\u00eda tambi\u00e9n otros inmuebles afectados por balas\u201d<\/strong>.<\/p>\n<p class=\"com-paragraph   --s\">La menor fue trasladada con heridas graves a un hospital de la regi\u00f3n, donde fue sometida a una intervenci\u00f3n quir\u00fargica. Pese a los esfuerzos m\u00e9dicos, falleci\u00f3 horas despu\u00e9s.<\/p>\n<p class=\"com-paragraph   --s\">\u201cLa ni\u00f1a fue objeto de diversas maniobras m\u00e9dicas, pero lamentablemente no logr\u00f3 sobrevivir. Su estado era extremadamente delicado\u201d, inform\u00f3 la fiscal Marcela Adasme.<\/p>\n<div class=\"content-media\">\n<section role=\"button\" class=\"mod-media   \">\n<figure role=\"button\" class=\"mod-figure \"><figcaption class=\"mod-figcaption\"><span class=\"com-text --caption --twoxs\">Chile experiment\u00f3 en los \u00faltimos a\u00f1os un deterioro acelerado de la seguridad p\u00fablica<\/span><span class=\"com-text --credit --twoxs\">CARABINEROS CHILE &#8211; CARABINEROS CHILE<\/span><\/figcaption><\/figure>\n<\/section>\n<\/div>\n<p class=\"com-paragraph   --s\">La v\u00edctima fatal, un hombre de 38 a\u00f1os, viv\u00eda en las cercan\u00edas del lugar del ataque y ten\u00eda antecedentes policiales por delitos de hurto. Las autoridades <strong>no descartan que el hecho se trate de un ajuste de cuentas<\/strong>.<\/p>\n<p class=\"com-paragraph   --s\">El hombre asesinado <strong>\u201ctendr\u00eda v\u00ednculos con bandas criminales del sector sur relacionadas directamente con el tr\u00e1fico de drogas\u201d<\/strong>, sostuvo el jefe de la brigada de homicidios en conversaci\u00f3n con el programa de televisi\u00f3n <em>Contigo en la Ma\u00f1ana<\/em>.<\/p>\n<p class=\"com-paragraph   --s\">El presidente chileno, <strong>Gabriel Boric<\/strong>, atribuy\u00f3 el crimen a una presunta banda criminal y prometi\u00f3 una respuesta firme del Estado. \u201cDelincuentes asesinan a un adulto y a una ni\u00f1a de 7 a\u00f1os. Los perseguiremos y encontraremos donde est\u00e9n para hacer justicia\u201d, escribi\u00f3 en su cuenta de X. \u201cEl llamado es claro: todas las instituciones deben estar a la altura. <strong>Estas bandas atentan contra la sociedad entera y debemos actuar unidos para enfrentarlas<\/strong>\u201d, agreg\u00f3 el mandatario.<\/p>\n<p class=\"com-paragraph   --s\">Chile, con unos 19 millones de habitantes, ha sido hist\u00f3ricamente considerado uno de los pa\u00edses m\u00e1s seguros de Am\u00e9rica Latina. Sin embargo, en los \u00faltimos a\u00f1os ha enfrentado un deterioro acelerado de la seguridad p\u00fablica. En 2023 se registraron 1207 homicidios, lo que equivale a una tasa de seis v\u00edctimas por cada 100.000 habitantes, seg\u00fan datos del recientemente creado Ministerio de Seguridad, que comenz\u00f3 a operar en abril con el objetivo de unificar la informaci\u00f3n sobre delitos.<\/p>\n<p class=\"com-paragraph   --s\">La creciente preocupaci\u00f3n por la violencia ha llevado al gobierno del presidente <strong>Gabriel Boric<\/strong> y al Congreso a convertir la seguridad en una prioridad, impulsando una serie de medidas extraordinarias. El tema tambi\u00e9n domina el debate electoral de cara <a href=\"https:\/\/www.lanacion.com.ar\/el-mundo\/cuando-faltan-seis-meses-para-las-presidenciales-chile-se-encamina-a-una-de-sus-elecciones-mas-nid26052025\/\" target=\"_self\" title=\"https:\/\/www.lanacion.com.ar\/el-mundo\/cuando-faltan-seis-meses-para-las-presidenciales-chile-se-encamina-a-una-de-sus-elecciones-mas-nid26052025\/\" class=\"com-link\" data-mrf-recirculation=\"n_link_parrafo\">a los comicios presidenciales de noviembre<\/a>, cuando los chilenos deber\u00e1n elegir a su pr\u00f3ximo gobernante.<\/p>\n<p class=\"com-paragraph   --s\"><strong>Agencia AP<\/strong><\/p>\n<section class=\"container-center-100 mb-40 border border-bottom border-thin border-neutral-light-700\">\n<hr\/>\n<\/section>\n<\/div>\n\n","protected":false},"excerpt":{"rendered":"<p>SANTIAGO.- Un hombre y su hija de siete a\u00f1os fallecieron este martes tras ser acribillados cuando circulaban en autom\u00f3vil por una de las comunas m\u00e1s peligrosas de Santiago. El ataque, con m\u00e1s de 75 disparos, ha generado conmoci\u00f3n en un pa\u00eds que atraviesa una crisis de seguridad sin precedentes. El brutal hecho ocurri\u00f3 anoche en [&hellip;]<\/p>\n","protected":false},"author":2,"featured_media":138541,"comment_status":"closed","ping_status":"closed","sticky":false,"template":"","format":"standard","meta":{"footnotes":""},"categories":[26],"tags":[],"class_list":["post-138540","post","type-post","status-publish","format-standard","has-post-thumbnail","hentry","category-internacionales"],"yoast_head":"<!-- This site is optimized with the Yoast SEO plugin v24.4 - https:\/\/yoast.com\/wordpress\/plugins\/seo\/ -->\n<title>El brutal asesinato de un padre y su hija de siete a\u00f1os sacude a Chile en plena crisis de seguridad - GYS NOTICIAS |<\/title>\n<meta name=\"robots\" content=\"index, follow, max-snippet:-1, max-image-preview:large, max-video-preview:-1\" \/>\n<link rel=\"canonical\" href=\"https:\/\/gysfm.com.ar\/inicio\/el-brutal-asesinato-de-un-padre-y-su-hija-de-siete-anos-sacude-a-chile-en-plena-crisis-de-seguridad\/\" \/>\n<meta property=\"og:locale\" content=\"es_ES\" \/>\n<meta property=\"og:type\" content=\"article\" \/>\n<meta property=\"og:title\" content=\"El brutal asesinato de un padre y su hija de siete a\u00f1os sacude a Chile en plena crisis de seguridad - GYS NOTICIAS |\" \/>\n<meta property=\"og:description\" content=\"SANTIAGO.- Un hombre y su hija de siete a\u00f1os fallecieron este martes tras ser acribillados cuando circulaban en autom\u00f3vil por una de las comunas m\u00e1s peligrosas de Santiago. El ataque, con m\u00e1s de 75 disparos, ha generado conmoci\u00f3n en un pa\u00eds que atraviesa una crisis de seguridad sin precedentes. El brutal hecho ocurri\u00f3 anoche en [&hellip;]\" \/>\n<meta property=\"og:url\" content=\"https:\/\/gysfm.com.ar\/inicio\/el-brutal-asesinato-de-un-padre-y-su-hija-de-siete-anos-sacude-a-chile-en-plena-crisis-de-seguridad\/\" \/>\n<meta property=\"og:site_name\" content=\"GYS NOTICIAS |\" \/>\n<meta property=\"article:published_time\" content=\"2025-07-22T23:42:45+00:00\" \/>\n<meta property=\"article:modified_time\" content=\"2025-07-22T23:42:46+00:00\" \/>\n<meta property=\"og:image\" content=\"https:\/\/gysfm.com.ar\/inicio\/wp-content\/uploads\/2025\/07\/el-lugar-de-los-W3CSZP6J3RETVDD2MNBKF5HIWU.jpg\" \/>\n\t<meta property=\"og:image:width\" content=\"1200\" \/>\n\t<meta property=\"og:image:height\" content=\"770\" \/>\n\t<meta property=\"og:image:type\" content=\"image\/jpeg\" \/>\n<meta name=\"author\" content=\"Prensa G&amp;S FM\" \/>\n<meta name=\"twitter:card\" content=\"summary_large_image\" \/>\n<meta name=\"twitter:label1\" content=\"Escrito por\" \/>\n\t<meta name=\"twitter:data1\" content=\"Prensa G&amp;S FM\" \/>\n\t<meta name=\"twitter:label2\" content=\"Tiempo de lectura\" \/>\n\t<meta name=\"twitter:data2\" content=\"3 minutos\" \/>\n<script type=\"application\/ld+json\" class=\"yoast-schema-graph\">{\"@context\":\"https:\/\/schema.org\",\"@graph\":[{\"@type\":\"Article\",\"@id\":\"https:\/\/gysfm.com.ar\/inicio\/el-brutal-asesinato-de-un-padre-y-su-hija-de-siete-anos-sacude-a-chile-en-plena-crisis-de-seguridad\/#article\",\"isPartOf\":{\"@id\":\"https:\/\/gysfm.com.ar\/inicio\/el-brutal-asesinato-de-un-padre-y-su-hija-de-siete-anos-sacude-a-chile-en-plena-crisis-de-seguridad\/\"},\"author\":{\"name\":\"Prensa G&amp;S FM\",\"@id\":\"https:\/\/gysfm.com.ar\/inicio\/#\/schema\/person\/3abba7593ef2ad19e1be221d54383dc5\"},\"headline\":\"El brutal asesinato de un padre y su hija de siete a\u00f1os sacude a Chile en plena crisis de seguridad\",\"datePublished\":\"2025-07-22T23:42:45+00:00\",\"dateModified\":\"2025-07-22T23:42:46+00:00\",\"mainEntityOfPage\":{\"@id\":\"https:\/\/gysfm.com.ar\/inicio\/el-brutal-asesinato-de-un-padre-y-su-hija-de-siete-anos-sacude-a-chile-en-plena-crisis-de-seguridad\/\"},\"wordCount\":651,\"publisher\":{\"@id\":\"https:\/\/gysfm.com.ar\/inicio\/#organization\"},\"image\":{\"@id\":\"https:\/\/gysfm.com.ar\/inicio\/el-brutal-asesinato-de-un-padre-y-su-hija-de-siete-anos-sacude-a-chile-en-plena-crisis-de-seguridad\/#primaryimage\"},\"thumbnailUrl\":\"https:\/\/gysfm.com.ar\/inicio\/wp-content\/uploads\/2025\/07\/el-lugar-de-los-W3CSZP6J3RETVDD2MNBKF5HIWU.jpg\",\"articleSection\":[\"INTERNACIONALES\"],\"inLanguage\":\"es\"},{\"@type\":\"WebPage\",\"@id\":\"https:\/\/gysfm.com.ar\/inicio\/el-brutal-asesinato-de-un-padre-y-su-hija-de-siete-anos-sacude-a-chile-en-plena-crisis-de-seguridad\/\",\"url\":\"https:\/\/gysfm.com.ar\/inicio\/el-brutal-asesinato-de-un-padre-y-su-hija-de-siete-anos-sacude-a-chile-en-plena-crisis-de-seguridad\/\",\"name\":\"El brutal asesinato de un padre y su hija de siete a\u00f1os sacude a Chile en plena crisis de seguridad - GYS NOTICIAS |\",\"isPartOf\":{\"@id\":\"https:\/\/gysfm.com.ar\/inicio\/#website\"},\"primaryImageOfPage\":{\"@id\":\"https:\/\/gysfm.com.ar\/inicio\/el-brutal-asesinato-de-un-padre-y-su-hija-de-siete-anos-sacude-a-chile-en-plena-crisis-de-seguridad\/#primaryimage\"},\"image\":{\"@id\":\"https:\/\/gysfm.com.ar\/inicio\/el-brutal-asesinato-de-un-padre-y-su-hija-de-siete-anos-sacude-a-chile-en-plena-crisis-de-seguridad\/#primaryimage\"},\"thumbnailUrl\":\"https:\/\/gysfm.com.ar\/inicio\/wp-content\/uploads\/2025\/07\/el-lugar-de-los-W3CSZP6J3RETVDD2MNBKF5HIWU.jpg\",\"datePublished\":\"2025-07-22T23:42:45+00:00\",\"dateModified\":\"2025-07-22T23:42:46+00:00\",\"breadcrumb\":{\"@id\":\"https:\/\/gysfm.com.ar\/inicio\/el-brutal-asesinato-de-un-padre-y-su-hija-de-siete-anos-sacude-a-chile-en-plena-crisis-de-seguridad\/#breadcrumb\"},\"inLanguage\":\"es\",\"potentialAction\":[{\"@type\":\"ReadAction\",\"target\":[\"https:\/\/gysfm.com.ar\/inicio\/el-brutal-asesinato-de-un-padre-y-su-hija-de-siete-anos-sacude-a-chile-en-plena-crisis-de-seguridad\/\"]}]},{\"@type\":\"ImageObject\",\"inLanguage\":\"es\",\"@id\":\"https:\/\/gysfm.com.ar\/inicio\/el-brutal-asesinato-de-un-padre-y-su-hija-de-siete-anos-sacude-a-chile-en-plena-crisis-de-seguridad\/#primaryimage\",\"url\":\"https:\/\/gysfm.com.ar\/inicio\/wp-content\/uploads\/2025\/07\/el-lugar-de-los-W3CSZP6J3RETVDD2MNBKF5HIWU.jpg\",\"contentUrl\":\"https:\/\/gysfm.com.ar\/inicio\/wp-content\/uploads\/2025\/07\/el-lugar-de-los-W3CSZP6J3RETVDD2MNBKF5HIWU.jpg\",\"width\":1200,\"height\":770},{\"@type\":\"BreadcrumbList\",\"@id\":\"https:\/\/gysfm.com.ar\/inicio\/el-brutal-asesinato-de-un-padre-y-su-hija-de-siete-anos-sacude-a-chile-en-plena-crisis-de-seguridad\/#breadcrumb\",\"itemListElement\":[{\"@type\":\"ListItem\",\"position\":1,\"name\":\"Portada\",\"item\":\"https:\/\/gysfm.com.ar\/inicio\/\"},{\"@type\":\"ListItem\",\"position\":2,\"name\":\"El brutal asesinato de un padre y su hija de siete a\u00f1os sacude a Chile en plena crisis de seguridad\"}]},{\"@type\":\"WebSite\",\"@id\":\"https:\/\/gysfm.com.ar\/inicio\/#website\",\"url\":\"https:\/\/gysfm.com.ar\/inicio\/\",\"name\":\"GYS NOTICIAS |\",\"description\":\"DIARIO - RADIO ONLINE SAN JUAN ARGENTINA\",\"publisher\":{\"@id\":\"https:\/\/gysfm.com.ar\/inicio\/#organization\"},\"potentialAction\":[{\"@type\":\"SearchAction\",\"target\":{\"@type\":\"EntryPoint\",\"urlTemplate\":\"https:\/\/gysfm.com.ar\/inicio\/?s={search_term_string}\"},\"query-input\":{\"@type\":\"PropertyValueSpecification\",\"valueRequired\":true,\"valueName\":\"search_term_string\"}}],\"inLanguage\":\"es\"},{\"@type\":\"Organization\",\"@id\":\"https:\/\/gysfm.com.ar\/inicio\/#organization\",\"name\":\"GYS NOTICIAS |\",\"url\":\"https:\/\/gysfm.com.ar\/inicio\/\",\"logo\":{\"@type\":\"ImageObject\",\"inLanguage\":\"es\",\"@id\":\"https:\/\/gysfm.com.ar\/inicio\/#\/schema\/logo\/image\/\",\"url\":\"https:\/\/gysfm.com.ar\/inicio\/wp-content\/uploads\/2023\/07\/LOGOGYS-OK.png\",\"contentUrl\":\"https:\/\/gysfm.com.ar\/inicio\/wp-content\/uploads\/2023\/07\/LOGOGYS-OK.png\",\"width\":1170,\"height\":872,\"caption\":\"GYS NOTICIAS |\"},\"image\":{\"@id\":\"https:\/\/gysfm.com.ar\/inicio\/#\/schema\/logo\/image\/\"}},{\"@type\":\"Person\",\"@id\":\"https:\/\/gysfm.com.ar\/inicio\/#\/schema\/person\/3abba7593ef2ad19e1be221d54383dc5\",\"name\":\"Prensa G&amp;S FM\",\"image\":{\"@type\":\"ImageObject\",\"inLanguage\":\"es\",\"@id\":\"https:\/\/gysfm.com.ar\/inicio\/#\/schema\/person\/image\/\",\"url\":\"https:\/\/secure.gravatar.com\/avatar\/096ec78df02049ab018702bb4ccedf659377fa92a26540b5247612077a0dbd29?s=96&d=mm&r=g\",\"contentUrl\":\"https:\/\/secure.gravatar.com\/avatar\/096ec78df02049ab018702bb4ccedf659377fa92a26540b5247612077a0dbd29?s=96&d=mm&r=g\",\"caption\":\"Prensa G&amp;S FM\"},\"sameAs\":[\"https:\/\/gysfm.com.ar\/\"],\"url\":\"https:\/\/gysfm.com.ar\/inicio\/author\/lucasm\/\"}]}<\/script>\n<!-- \/ Yoast SEO plugin. -->","yoast_head_json":{"title":"El brutal asesinato de un padre y su hija de siete a\u00f1os sacude a Chile en plena crisis de seguridad - GYS NOTICIAS |","robots":{"index":"index","follow":"follow","max-snippet":"max-snippet:-1","max-image-preview":"max-image-preview:large","max-video-preview":"max-video-preview:-1"},"canonical":"https:\/\/gysfm.com.ar\/inicio\/el-brutal-asesinato-de-un-padre-y-su-hija-de-siete-anos-sacude-a-chile-en-plena-crisis-de-seguridad\/","og_locale":"es_ES","og_type":"article","og_title":"El brutal asesinato de un padre y su hija de siete a\u00f1os sacude a Chile en plena crisis de seguridad - GYS NOTICIAS |","og_description":"SANTIAGO.- Un hombre y su hija de siete a\u00f1os fallecieron este martes tras ser acribillados cuando circulaban en autom\u00f3vil por una de las comunas m\u00e1s peligrosas de Santiago. El ataque, con m\u00e1s de 75 disparos, ha generado conmoci\u00f3n en un pa\u00eds que atraviesa una crisis de seguridad sin precedentes. El brutal hecho ocurri\u00f3 anoche en [&hellip;]","og_url":"https:\/\/gysfm.com.ar\/inicio\/el-brutal-asesinato-de-un-padre-y-su-hija-de-siete-anos-sacude-a-chile-en-plena-crisis-de-seguridad\/","og_site_name":"GYS NOTICIAS |","article_published_time":"2025-07-22T23:42:45+00:00","article_modified_time":"2025-07-22T23:42:46+00:00","og_image":[{"width":1200,"height":770,"url":"https:\/\/gysfm.com.ar\/inicio\/wp-content\/uploads\/2025\/07\/el-lugar-de-los-W3CSZP6J3RETVDD2MNBKF5HIWU.jpg","type":"image\/jpeg"}],"author":"Prensa G&amp;S FM","twitter_card":"summary_large_image","twitter_misc":{"Escrito por":"Prensa G&amp;S FM","Tiempo de lectura":"3 minutos"},"schema":{"@context":"https:\/\/schema.org","@graph":[{"@type":"Article","@id":"https:\/\/gysfm.com.ar\/inicio\/el-brutal-asesinato-de-un-padre-y-su-hija-de-siete-anos-sacude-a-chile-en-plena-crisis-de-seguridad\/#article","isPartOf":{"@id":"https:\/\/gysfm.com.ar\/inicio\/el-brutal-asesinato-de-un-padre-y-su-hija-de-siete-anos-sacude-a-chile-en-plena-crisis-de-seguridad\/"},"author":{"name":"Prensa G&amp;S FM","@id":"https:\/\/gysfm.com.ar\/inicio\/#\/schema\/person\/3abba7593ef2ad19e1be221d54383dc5"},"headline":"El brutal asesinato de un padre y su hija de siete a\u00f1os sacude a Chile en plena crisis de seguridad","datePublished":"2025-07-22T23:42:45+00:00","dateModified":"2025-07-22T23:42:46+00:00","mainEntityOfPage":{"@id":"https:\/\/gysfm.com.ar\/inicio\/el-brutal-asesinato-de-un-padre-y-su-hija-de-siete-anos-sacude-a-chile-en-plena-crisis-de-seguridad\/"},"wordCount":651,"publisher":{"@id":"https:\/\/gysfm.com.ar\/inicio\/#organization"},"image":{"@id":"https:\/\/gysfm.com.ar\/inicio\/el-brutal-asesinato-de-un-padre-y-su-hija-de-siete-anos-sacude-a-chile-en-plena-crisis-de-seguridad\/#primaryimage"},"thumbnailUrl":"https:\/\/gysfm.com.ar\/inicio\/wp-content\/uploads\/2025\/07\/el-lugar-de-los-W3CSZP6J3RETVDD2MNBKF5HIWU.jpg","articleSection":["INTERNACIONALES"],"inLanguage":"es"},{"@type":"WebPage","@id":"https:\/\/gysfm.com.ar\/inicio\/el-brutal-asesinato-de-un-padre-y-su-hija-de-siete-anos-sacude-a-chile-en-plena-crisis-de-seguridad\/","url":"https:\/\/gysfm.com.ar\/inicio\/el-brutal-asesinato-de-un-padre-y-su-hija-de-siete-anos-sacude-a-chile-en-plena-crisis-de-seguridad\/","name":"El brutal asesinato de un padre y su hija de siete a\u00f1os sacude a Chile en plena crisis de seguridad - GYS NOTICIAS |","isPartOf":{"@id":"https:\/\/gysfm.com.ar\/inicio\/#website"},"primaryImageOfPage":{"@id":"https:\/\/gysfm.com.ar\/inicio\/el-brutal-asesinato-de-un-padre-y-su-hija-de-siete-anos-sacude-a-chile-en-plena-crisis-de-seguridad\/#primaryimage"},"image":{"@id":"https:\/\/gysfm.com.ar\/inicio\/el-brutal-asesinato-de-un-padre-y-su-hija-de-siete-anos-sacude-a-chile-en-plena-crisis-de-seguridad\/#primaryimage"},"thumbnailUrl":"https:\/\/gysfm.com.ar\/inicio\/wp-content\/uploads\/2025\/07\/el-lugar-de-los-W3CSZP6J3RETVDD2MNBKF5HIWU.jpg","datePublished":"2025-07-22T23:42:45+00:00","dateModified":"2025-07-22T23:42:46+00:00","breadcrumb":{"@id":"https:\/\/gysfm.com.ar\/inicio\/el-brutal-asesinato-de-un-padre-y-su-hija-de-siete-anos-sacude-a-chile-en-plena-crisis-de-seguridad\/#breadcrumb"},"inLanguage":"es","potentialAction":[{"@type":"ReadAction","target":["https:\/\/gysfm.com.ar\/inicio\/el-brutal-asesinato-de-un-padre-y-su-hija-de-siete-anos-sacude-a-chile-en-plena-crisis-de-seguridad\/"]}]},{"@type":"ImageObject","inLanguage":"es","@id":"https:\/\/gysfm.com.ar\/inicio\/el-brutal-asesinato-de-un-padre-y-su-hija-de-siete-anos-sacude-a-chile-en-plena-crisis-de-seguridad\/#primaryimage","url":"https:\/\/gysfm.com.ar\/inicio\/wp-content\/uploads\/2025\/07\/el-lugar-de-los-W3CSZP6J3RETVDD2MNBKF5HIWU.jpg","contentUrl":"https:\/\/gysfm.com.ar\/inicio\/wp-content\/uploads\/2025\/07\/el-lugar-de-los-W3CSZP6J3RETVDD2MNBKF5HIWU.jpg","width":1200,"height":770},{"@type":"BreadcrumbList","@id":"https:\/\/gysfm.com.ar\/inicio\/el-brutal-asesinato-de-un-padre-y-su-hija-de-siete-anos-sacude-a-chile-en-plena-crisis-de-seguridad\/#breadcrumb","itemListElement":[{"@type":"ListItem","position":1,"name":"Portada","item":"https:\/\/gysfm.com.ar\/inicio\/"},{"@type":"ListItem","position":2,"name":"El brutal asesinato de un padre y su hija de siete a\u00f1os sacude a Chile en plena crisis de seguridad"}]},{"@type":"WebSite","@id":"https:\/\/gysfm.com.ar\/inicio\/#website","url":"https:\/\/gysfm.com.ar\/inicio\/","name":"GYS NOTICIAS |","description":"DIARIO - RADIO ONLINE SAN JUAN ARGENTINA","publisher":{"@id":"https:\/\/gysfm.com.ar\/inicio\/#organization"},"potentialAction":[{"@type":"SearchAction","target":{"@type":"EntryPoint","urlTemplate":"https:\/\/gysfm.com.ar\/inicio\/?s={search_term_string}"},"query-input":{"@type":"PropertyValueSpecification","valueRequired":true,"valueName":"search_term_string"}}],"inLanguage":"es"},{"@type":"Organization","@id":"https:\/\/gysfm.com.ar\/inicio\/#organization","name":"GYS NOTICIAS |","url":"https:\/\/gysfm.com.ar\/inicio\/","logo":{"@type":"ImageObject","inLanguage":"es","@id":"https:\/\/gysfm.com.ar\/inicio\/#\/schema\/logo\/image\/","url":"https:\/\/gysfm.com.ar\/inicio\/wp-content\/uploads\/2023\/07\/LOGOGYS-OK.png","contentUrl":"https:\/\/gysfm.com.ar\/inicio\/wp-content\/uploads\/2023\/07\/LOGOGYS-OK.png","width":1170,"height":872,"caption":"GYS NOTICIAS |"},"image":{"@id":"https:\/\/gysfm.com.ar\/inicio\/#\/schema\/logo\/image\/"}},{"@type":"Person","@id":"https:\/\/gysfm.com.ar\/inicio\/#\/schema\/person\/3abba7593ef2ad19e1be221d54383dc5","name":"Prensa G&amp;S FM","image":{"@type":"ImageObject","inLanguage":"es","@id":"https:\/\/gysfm.com.ar\/inicio\/#\/schema\/person\/image\/","url":"https:\/\/secure.gravatar.com\/avatar\/096ec78df02049ab018702bb4ccedf659377fa92a26540b5247612077a0dbd29?s=96&d=mm&r=g","contentUrl":"https:\/\/secure.gravatar.com\/avatar\/096ec78df02049ab018702bb4ccedf659377fa92a26540b5247612077a0dbd29?s=96&d=mm&r=g","caption":"Prensa G&amp;S FM"},"sameAs":["https:\/\/gysfm.com.ar\/"],"url":"https:\/\/gysfm.com.ar\/inicio\/author\/lucasm\/"}]}},"_links":{"self":[{"href":"https:\/\/gysfm.com.ar\/inicio\/wp-json\/wp\/v2\/posts\/138540","targetHints":{"allow":["GET"]}}],"collection":[{"href":"https:\/\/gysfm.com.ar\/inicio\/wp-json\/wp\/v2\/posts"}],"about":[{"href":"https:\/\/gysfm.com.ar\/inicio\/wp-json\/wp\/v2\/types\/post"}],"author":[{"embeddable":true,"href":"https:\/\/gysfm.com.ar\/inicio\/wp-json\/wp\/v2\/users\/2"}],"replies":[{"embeddable":true,"href":"https:\/\/gysfm.com.ar\/inicio\/wp-json\/wp\/v2\/comments?post=138540"}],"version-history":[{"count":1,"href":"https:\/\/gysfm.com.ar\/inicio\/wp-json\/wp\/v2\/posts\/138540\/revisions"}],"predecessor-version":[{"id":138542,"href":"https:\/\/gysfm.com.ar\/inicio\/wp-json\/wp\/v2\/posts\/138540\/revisions\/138542"}],"wp:featuredmedia":[{"embeddable":true,"href":"https:\/\/gysfm.com.ar\/inicio\/wp-json\/wp\/v2\/media\/138541"}],"wp:attachment":[{"href":"https:\/\/gysfm.com.ar\/inicio\/wp-json\/wp\/v2\/media?parent=138540"}],"wp:term":[{"taxonomy":"category","embeddable":true,"href":"https:\/\/gysfm.com.ar\/inicio\/wp-json\/wp\/v2\/categories?post=138540"},{"taxonomy":"post_tag","embeddable":true,"href":"https:\/\/gysfm.com.ar\/inicio\/wp-json\/wp\/v2\/tags?post=138540"}],"curies":[{"name":"wp","href":"https:\/\/api.w.org\/{rel}","templated":true}]}}