{"id":138538,"date":"2025-07-22T20:29:04","date_gmt":"2025-07-22T23:29:04","guid":{"rendered":"https:\/\/gysfm.com.ar\/inicio\/todos-los-detalles-de-la-exporural-2025-quienes-entran-gratis\/"},"modified":"2025-07-22T20:29:04","modified_gmt":"2025-07-22T23:29:04","slug":"todos-los-detalles-de-la-exporural-2025-quienes-entran-gratis","status":"publish","type":"post","link":"https:\/\/gysfm.com.ar\/inicio\/todos-los-detalles-de-la-exporural-2025-quienes-entran-gratis\/","title":{"rendered":"Todos los detalles de la ExpoRural 2025: \u00bfqui\u00e9nes entran gratis?"},"content":{"rendered":"<p><\/p>\n<div id=\"article-content\">\n<p><strong>La <a target=\"_blank\" href=\"https:\/\/www.perfil.com\/noticias\/reperfilar\/amplian-las-vacaciones-escolares-en-bolivia-ante-el-brote-de-sarampion.phtml\">137\u00b0 Exposici\u00f3n de Ganader\u00eda, Agricultura e Industria Internacional<\/a><\/strong><a target=\"_blank\" href=\"https:\/\/www.perfil.com\/noticias\/reperfilar\/amplian-las-vacaciones-escolares-en-bolivia-ante-el-brote-de-sarampion.phtml\"> <\/a>se lleva adelante desde el 17 al 27 de julio, de 9 a 20 h en La Rural, Predio Ferial de Buenos Aires.<\/p>\n<p>Volvi\u00f3 la <strong>exposici\u00f3n m\u00e1s convocante de la Argentina <\/strong>con todo lo que esperabas y mucho m\u00e1s. Una expo que cuenta con 400 stands comerciales, m\u00e1s de 2000 ejemplares y espacios gastron\u00f3micos con food trucks, pista de tractores, cocina show, desfiles, y espacio de campo para los chicos y la familia, desfile de campeones y visitas guiadas. <\/p>\n<p>Este evento agroindustrial m\u00e1s representativo y tradicional de Argentina; cita ineludible para todos los actores de la cadena de valor,  congrega <strong>expositores como laboratorios, <\/strong>empresas de agroinsumos, nutrici\u00f3n animal, maquinaria agr\u00edcola, automotrices, entidades financieras, centros de gen\u00e9tica, provincias, talabarter\u00edas, entre otros, son quienes acompa\u00f1an con su presencia junto a las distintas asociaciones, entidades y empresas del sector.<\/p>\n<div class=\"subscription\">\n<p>\n        Esto no les gusta a los autoritarios\n    <\/p>\n<div class=\"subscription__container\">\n<div class=\"subscription__text-wrapper\">\n<p>\n                El ejercicio del periodismo profesional y cr\u00edtico es un pilar fundamental de la democracia. Por eso molesta a quienes creen ser los due\u00f1os de la verdad.\n            <\/p>\n<\/p><\/div><\/div>\n<\/div>\n<p><iframe id=\"vrudo\" class=\"vrudo\" src=\"https:\/\/rudo.video\/vod\/yid5zMb1Zau?volume=0\" width=\"100%\" height=\"100%\" allowscriptaccess=\"always\" allowfullscreen=\"true\" webkitallowfullscreen=\"true\" frameborder=\"0\" scrolling=\"no\" allow=\"autoplay; fullscreen\" loading=\"lazy\" title=\"Contenido embebido\"><\/iframe><\/p>\n<p>La Exposici\u00f3n Rural se ha transformado en el verdadero Centro de Negocios del Agro concentrando actividades como: Remates en pie, virtuales y televisados, Conferencias T\u00e9cnicas, Rondas Internacionales de Negocio \u201cArgentina Alimenta\u201d, 2\u00b0 Edici\u00f3n del Sal\u00f3n Agtech, 33\u00b0 Congreso MERCOSUR de Aviaci\u00f3n Agr\u00edcola y una nueva edici\u00f3n de los Premios CITA, a la innovaci\u00f3n tecnol\u00f3gica.<\/p>\n<p>El Pack 4&#215;3 incluye 4 entradas pagando solo 3. Al elegir la cantidad, indic\u00e1 cu\u00e1ntos packs queres (ejemplo: 1 pack = 4 entradas). Si pones \u201c4\u201d, estar\u00edas comprando 16 entradas.  <strong>Si sos socio SRA podes adquirir tus entradas a valor preferencial. <\/strong><\/p>\n<h2>\u00bfQui\u00e9nes ingresan con entrada gratis?<\/h2>\n<ul>\n<li>Jubilados ingresan sin cargo los d\u00edas lunes y martes. De mi\u00e9rcoles a domingo abonan una entrada de $ 7.500 (solo en boleter\u00eda)<\/li>\n<li>Menores de 8 a\u00f1os ingresan sin cargo todos los d\u00edas acompa\u00f1ados de un mayor.<\/li>\n<li>Personas con discapacidad (presentando Certificado) ingresan sin cargo todos los d\u00edas<\/li>\n<li>Estudiantes ISEA ingresan sin cargo todos los d\u00edas.<\/li>\n<li>Estudiantes de agronom\u00eda y veterinaria (presentando Libreta) ingresan sin cargo todos los d\u00edas \u00fanicamente de 9 a 12 hs. A partir de dicho horario deber\u00e1n abonar la entrada.<\/li>\n<\/ul><\/div>\n<p><script>\n                !function(f,b,e,v,n,t,s)\n                {if(f.fbq)return;n=f.fbq=function(){n.callMethod?\n                    n.callMethod.apply(n,arguments):n.queue.push(arguments)};\n                    if(!f._fbq)f._fbq=n;n.push=n;n.loaded=!0;n.version='2.0';\n                    n.queue=[];t=b.createElement(e);t.async=!0;\n                    t.src=v;s=b.getElementsByTagName(e)[0];\n                    s.parentNode.insertBefore(t,s)}(window, document,'script',\n                    'https:\/\/connect.facebook.net\/en_US\/fbevents.js');\n                window.paywallConfig.facebook_pixel=\"1000228364089342\"\n            <\/script><\/p>\n","protected":false},"excerpt":{"rendered":"<p>La 137\u00b0 Exposici\u00f3n de Ganader\u00eda, Agricultura e Industria Internacional se lleva adelante desde el 17 al 27 de julio, de 9 a 20 h en La Rural, Predio Ferial de Buenos Aires. Volvi\u00f3 la exposici\u00f3n m\u00e1s convocante de la Argentina con todo lo que esperabas y mucho m\u00e1s. Una expo que cuenta con 400 stands [&hellip;]<\/p>\n","protected":false},"author":2,"featured_media":138539,"comment_status":"closed","ping_status":"closed","sticky":false,"template":"","format":"standard","meta":{"footnotes":""},"categories":[25],"tags":[],"class_list":["post-138538","post","type-post","status-publish","format-standard","has-post-thumbnail","hentry","category-nacionales"],"yoast_head":"<!-- This site is optimized with the Yoast SEO plugin v24.4 - https:\/\/yoast.com\/wordpress\/plugins\/seo\/ -->\n<title>Todos los detalles de la ExpoRural 2025: \u00bfqui\u00e9nes entran gratis? - GYS NOTICIAS |<\/title>\n<meta name=\"robots\" content=\"index, follow, max-snippet:-1, max-image-preview:large, max-video-preview:-1\" \/>\n<link rel=\"canonical\" href=\"https:\/\/gysfm.com.ar\/inicio\/todos-los-detalles-de-la-exporural-2025-quienes-entran-gratis\/\" \/>\n<meta property=\"og:locale\" content=\"es_ES\" \/>\n<meta property=\"og:type\" content=\"article\" \/>\n<meta property=\"og:title\" content=\"Todos los detalles de la ExpoRural 2025: \u00bfqui\u00e9nes entran gratis? - GYS NOTICIAS |\" \/>\n<meta property=\"og:description\" content=\"La 137\u00b0 Exposici\u00f3n de Ganader\u00eda, Agricultura e Industria Internacional se lleva adelante desde el 17 al 27 de julio, de 9 a 20 h en La Rural, Predio Ferial de Buenos Aires. Volvi\u00f3 la exposici\u00f3n m\u00e1s convocante de la Argentina con todo lo que esperabas y mucho m\u00e1s. Una expo que cuenta con 400 stands [&hellip;]\" \/>\n<meta property=\"og:url\" content=\"https:\/\/gysfm.com.ar\/inicio\/todos-los-detalles-de-la-exporural-2025-quienes-entran-gratis\/\" \/>\n<meta property=\"og:site_name\" content=\"GYS NOTICIAS |\" \/>\n<meta property=\"article:published_time\" content=\"2025-07-22T23:29:04+00:00\" \/>\n<meta name=\"author\" content=\"Prensa G&amp;S FM\" \/>\n<meta name=\"twitter:card\" content=\"summary_large_image\" \/>\n<meta name=\"twitter:label1\" content=\"Escrito por\" \/>\n\t<meta name=\"twitter:data1\" content=\"Prensa G&amp;S FM\" \/>\n\t<meta name=\"twitter:label2\" content=\"Tiempo de lectura\" \/>\n\t<meta name=\"twitter:data2\" content=\"2 minutos\" \/>\n<script type=\"application\/ld+json\" class=\"yoast-schema-graph\">{\"@context\":\"https:\/\/schema.org\",\"@graph\":[{\"@type\":\"Article\",\"@id\":\"https:\/\/gysfm.com.ar\/inicio\/todos-los-detalles-de-la-exporural-2025-quienes-entran-gratis\/#article\",\"isPartOf\":{\"@id\":\"https:\/\/gysfm.com.ar\/inicio\/todos-los-detalles-de-la-exporural-2025-quienes-entran-gratis\/\"},\"author\":{\"name\":\"Prensa G&amp;S FM\",\"@id\":\"https:\/\/gysfm.com.ar\/inicio\/#\/schema\/person\/3abba7593ef2ad19e1be221d54383dc5\"},\"headline\":\"Todos los detalles de la ExpoRural 2025: \u00bfqui\u00e9nes entran gratis?\",\"datePublished\":\"2025-07-22T23:29:04+00:00\",\"mainEntityOfPage\":{\"@id\":\"https:\/\/gysfm.com.ar\/inicio\/todos-los-detalles-de-la-exporural-2025-quienes-entran-gratis\/\"},\"wordCount\":388,\"publisher\":{\"@id\":\"https:\/\/gysfm.com.ar\/inicio\/#organization\"},\"image\":{\"@id\":\"https:\/\/gysfm.com.ar\/inicio\/todos-los-detalles-de-la-exporural-2025-quienes-entran-gratis\/#primaryimage\"},\"thumbnailUrl\":\"https:\/\/gysfm.com.ar\/inicio\/wp-content\/uploads\/2025\/07\/todos-los-detalles-de-la-exporural-2025-quienes-entran-gratis-2065871.jpeg\",\"articleSection\":[\"NACIONALES\"],\"inLanguage\":\"es\"},{\"@type\":\"WebPage\",\"@id\":\"https:\/\/gysfm.com.ar\/inicio\/todos-los-detalles-de-la-exporural-2025-quienes-entran-gratis\/\",\"url\":\"https:\/\/gysfm.com.ar\/inicio\/todos-los-detalles-de-la-exporural-2025-quienes-entran-gratis\/\",\"name\":\"Todos los detalles de la ExpoRural 2025: \u00bfqui\u00e9nes entran gratis? - GYS NOTICIAS |\",\"isPartOf\":{\"@id\":\"https:\/\/gysfm.com.ar\/inicio\/#website\"},\"primaryImageOfPage\":{\"@id\":\"https:\/\/gysfm.com.ar\/inicio\/todos-los-detalles-de-la-exporural-2025-quienes-entran-gratis\/#primaryimage\"},\"image\":{\"@id\":\"https:\/\/gysfm.com.ar\/inicio\/todos-los-detalles-de-la-exporural-2025-quienes-entran-gratis\/#primaryimage\"},\"thumbnailUrl\":\"https:\/\/gysfm.com.ar\/inicio\/wp-content\/uploads\/2025\/07\/todos-los-detalles-de-la-exporural-2025-quienes-entran-gratis-2065871.jpeg\",\"datePublished\":\"2025-07-22T23:29:04+00:00\",\"breadcrumb\":{\"@id\":\"https:\/\/gysfm.com.ar\/inicio\/todos-los-detalles-de-la-exporural-2025-quienes-entran-gratis\/#breadcrumb\"},\"inLanguage\":\"es\",\"potentialAction\":[{\"@type\":\"ReadAction\",\"target\":[\"https:\/\/gysfm.com.ar\/inicio\/todos-los-detalles-de-la-exporural-2025-quienes-entran-gratis\/\"]}]},{\"@type\":\"ImageObject\",\"inLanguage\":\"es\",\"@id\":\"https:\/\/gysfm.com.ar\/inicio\/todos-los-detalles-de-la-exporural-2025-quienes-entran-gratis\/#primaryimage\",\"url\":\"https:\/\/gysfm.com.ar\/inicio\/wp-content\/uploads\/2025\/07\/todos-los-detalles-de-la-exporural-2025-quienes-entran-gratis-2065871.jpeg\",\"contentUrl\":\"https:\/\/gysfm.com.ar\/inicio\/wp-content\/uploads\/2025\/07\/todos-los-detalles-de-la-exporural-2025-quienes-entran-gratis-2065871.jpeg\",\"width\":1140,\"height\":641},{\"@type\":\"BreadcrumbList\",\"@id\":\"https:\/\/gysfm.com.ar\/inicio\/todos-los-detalles-de-la-exporural-2025-quienes-entran-gratis\/#breadcrumb\",\"itemListElement\":[{\"@type\":\"ListItem\",\"position\":1,\"name\":\"Portada\",\"item\":\"https:\/\/gysfm.com.ar\/inicio\/\"},{\"@type\":\"ListItem\",\"position\":2,\"name\":\"Todos los detalles de la ExpoRural 2025: \u00bfqui\u00e9nes entran gratis?\"}]},{\"@type\":\"WebSite\",\"@id\":\"https:\/\/gysfm.com.ar\/inicio\/#website\",\"url\":\"https:\/\/gysfm.com.ar\/inicio\/\",\"name\":\"GYS NOTICIAS |\",\"description\":\"DIARIO - RADIO ONLINE SAN JUAN ARGENTINA\",\"publisher\":{\"@id\":\"https:\/\/gysfm.com.ar\/inicio\/#organization\"},\"potentialAction\":[{\"@type\":\"SearchAction\",\"target\":{\"@type\":\"EntryPoint\",\"urlTemplate\":\"https:\/\/gysfm.com.ar\/inicio\/?s={search_term_string}\"},\"query-input\":{\"@type\":\"PropertyValueSpecification\",\"valueRequired\":true,\"valueName\":\"search_term_string\"}}],\"inLanguage\":\"es\"},{\"@type\":\"Organization\",\"@id\":\"https:\/\/gysfm.com.ar\/inicio\/#organization\",\"name\":\"GYS NOTICIAS |\",\"url\":\"https:\/\/gysfm.com.ar\/inicio\/\",\"logo\":{\"@type\":\"ImageObject\",\"inLanguage\":\"es\",\"@id\":\"https:\/\/gysfm.com.ar\/inicio\/#\/schema\/logo\/image\/\",\"url\":\"https:\/\/gysfm.com.ar\/inicio\/wp-content\/uploads\/2023\/07\/LOGOGYS-OK.png\",\"contentUrl\":\"https:\/\/gysfm.com.ar\/inicio\/wp-content\/uploads\/2023\/07\/LOGOGYS-OK.png\",\"width\":1170,\"height\":872,\"caption\":\"GYS NOTICIAS |\"},\"image\":{\"@id\":\"https:\/\/gysfm.com.ar\/inicio\/#\/schema\/logo\/image\/\"}},{\"@type\":\"Person\",\"@id\":\"https:\/\/gysfm.com.ar\/inicio\/#\/schema\/person\/3abba7593ef2ad19e1be221d54383dc5\",\"name\":\"Prensa G&amp;S FM\",\"image\":{\"@type\":\"ImageObject\",\"inLanguage\":\"es\",\"@id\":\"https:\/\/gysfm.com.ar\/inicio\/#\/schema\/person\/image\/\",\"url\":\"https:\/\/secure.gravatar.com\/avatar\/096ec78df02049ab018702bb4ccedf659377fa92a26540b5247612077a0dbd29?s=96&d=mm&r=g\",\"contentUrl\":\"https:\/\/secure.gravatar.com\/avatar\/096ec78df02049ab018702bb4ccedf659377fa92a26540b5247612077a0dbd29?s=96&d=mm&r=g\",\"caption\":\"Prensa G&amp;S FM\"},\"sameAs\":[\"https:\/\/gysfm.com.ar\/\"],\"url\":\"https:\/\/gysfm.com.ar\/inicio\/author\/lucasm\/\"}]}<\/script>\n<!-- \/ Yoast SEO plugin. -->","yoast_head_json":{"title":"Todos los detalles de la ExpoRural 2025: \u00bfqui\u00e9nes entran gratis? - GYS NOTICIAS |","robots":{"index":"index","follow":"follow","max-snippet":"max-snippet:-1","max-image-preview":"max-image-preview:large","max-video-preview":"max-video-preview:-1"},"canonical":"https:\/\/gysfm.com.ar\/inicio\/todos-los-detalles-de-la-exporural-2025-quienes-entran-gratis\/","og_locale":"es_ES","og_type":"article","og_title":"Todos los detalles de la ExpoRural 2025: \u00bfqui\u00e9nes entran gratis? - GYS NOTICIAS |","og_description":"La 137\u00b0 Exposici\u00f3n de Ganader\u00eda, Agricultura e Industria Internacional se lleva adelante desde el 17 al 27 de julio, de 9 a 20 h en La Rural, Predio Ferial de Buenos Aires. Volvi\u00f3 la exposici\u00f3n m\u00e1s convocante de la Argentina con todo lo que esperabas y mucho m\u00e1s. Una expo que cuenta con 400 stands [&hellip;]","og_url":"https:\/\/gysfm.com.ar\/inicio\/todos-los-detalles-de-la-exporural-2025-quienes-entran-gratis\/","og_site_name":"GYS NOTICIAS |","article_published_time":"2025-07-22T23:29:04+00:00","author":"Prensa G&amp;S FM","twitter_card":"summary_large_image","twitter_misc":{"Escrito por":"Prensa G&amp;S FM","Tiempo de lectura":"2 minutos"},"schema":{"@context":"https:\/\/schema.org","@graph":[{"@type":"Article","@id":"https:\/\/gysfm.com.ar\/inicio\/todos-los-detalles-de-la-exporural-2025-quienes-entran-gratis\/#article","isPartOf":{"@id":"https:\/\/gysfm.com.ar\/inicio\/todos-los-detalles-de-la-exporural-2025-quienes-entran-gratis\/"},"author":{"name":"Prensa G&amp;S FM","@id":"https:\/\/gysfm.com.ar\/inicio\/#\/schema\/person\/3abba7593ef2ad19e1be221d54383dc5"},"headline":"Todos los detalles de la ExpoRural 2025: \u00bfqui\u00e9nes entran gratis?","datePublished":"2025-07-22T23:29:04+00:00","mainEntityOfPage":{"@id":"https:\/\/gysfm.com.ar\/inicio\/todos-los-detalles-de-la-exporural-2025-quienes-entran-gratis\/"},"wordCount":388,"publisher":{"@id":"https:\/\/gysfm.com.ar\/inicio\/#organization"},"image":{"@id":"https:\/\/gysfm.com.ar\/inicio\/todos-los-detalles-de-la-exporural-2025-quienes-entran-gratis\/#primaryimage"},"thumbnailUrl":"https:\/\/gysfm.com.ar\/inicio\/wp-content\/uploads\/2025\/07\/todos-los-detalles-de-la-exporural-2025-quienes-entran-gratis-2065871.jpeg","articleSection":["NACIONALES"],"inLanguage":"es"},{"@type":"WebPage","@id":"https:\/\/gysfm.com.ar\/inicio\/todos-los-detalles-de-la-exporural-2025-quienes-entran-gratis\/","url":"https:\/\/gysfm.com.ar\/inicio\/todos-los-detalles-de-la-exporural-2025-quienes-entran-gratis\/","name":"Todos los detalles de la ExpoRural 2025: \u00bfqui\u00e9nes entran gratis? - GYS NOTICIAS |","isPartOf":{"@id":"https:\/\/gysfm.com.ar\/inicio\/#website"},"primaryImageOfPage":{"@id":"https:\/\/gysfm.com.ar\/inicio\/todos-los-detalles-de-la-exporural-2025-quienes-entran-gratis\/#primaryimage"},"image":{"@id":"https:\/\/gysfm.com.ar\/inicio\/todos-los-detalles-de-la-exporural-2025-quienes-entran-gratis\/#primaryimage"},"thumbnailUrl":"https:\/\/gysfm.com.ar\/inicio\/wp-content\/uploads\/2025\/07\/todos-los-detalles-de-la-exporural-2025-quienes-entran-gratis-2065871.jpeg","datePublished":"2025-07-22T23:29:04+00:00","breadcrumb":{"@id":"https:\/\/gysfm.com.ar\/inicio\/todos-los-detalles-de-la-exporural-2025-quienes-entran-gratis\/#breadcrumb"},"inLanguage":"es","potentialAction":[{"@type":"ReadAction","target":["https:\/\/gysfm.com.ar\/inicio\/todos-los-detalles-de-la-exporural-2025-quienes-entran-gratis\/"]}]},{"@type":"ImageObject","inLanguage":"es","@id":"https:\/\/gysfm.com.ar\/inicio\/todos-los-detalles-de-la-exporural-2025-quienes-entran-gratis\/#primaryimage","url":"https:\/\/gysfm.com.ar\/inicio\/wp-content\/uploads\/2025\/07\/todos-los-detalles-de-la-exporural-2025-quienes-entran-gratis-2065871.jpeg","contentUrl":"https:\/\/gysfm.com.ar\/inicio\/wp-content\/uploads\/2025\/07\/todos-los-detalles-de-la-exporural-2025-quienes-entran-gratis-2065871.jpeg","width":1140,"height":641},{"@type":"BreadcrumbList","@id":"https:\/\/gysfm.com.ar\/inicio\/todos-los-detalles-de-la-exporural-2025-quienes-entran-gratis\/#breadcrumb","itemListElement":[{"@type":"ListItem","position":1,"name":"Portada","item":"https:\/\/gysfm.com.ar\/inicio\/"},{"@type":"ListItem","position":2,"name":"Todos los detalles de la ExpoRural 2025: \u00bfqui\u00e9nes entran gratis?"}]},{"@type":"WebSite","@id":"https:\/\/gysfm.com.ar\/inicio\/#website","url":"https:\/\/gysfm.com.ar\/inicio\/","name":"GYS NOTICIAS |","description":"DIARIO - RADIO ONLINE SAN JUAN ARGENTINA","publisher":{"@id":"https:\/\/gysfm.com.ar\/inicio\/#organization"},"potentialAction":[{"@type":"SearchAction","target":{"@type":"EntryPoint","urlTemplate":"https:\/\/gysfm.com.ar\/inicio\/?s={search_term_string}"},"query-input":{"@type":"PropertyValueSpecification","valueRequired":true,"valueName":"search_term_string"}}],"inLanguage":"es"},{"@type":"Organization","@id":"https:\/\/gysfm.com.ar\/inicio\/#organization","name":"GYS NOTICIAS |","url":"https:\/\/gysfm.com.ar\/inicio\/","logo":{"@type":"ImageObject","inLanguage":"es","@id":"https:\/\/gysfm.com.ar\/inicio\/#\/schema\/logo\/image\/","url":"https:\/\/gysfm.com.ar\/inicio\/wp-content\/uploads\/2023\/07\/LOGOGYS-OK.png","contentUrl":"https:\/\/gysfm.com.ar\/inicio\/wp-content\/uploads\/2023\/07\/LOGOGYS-OK.png","width":1170,"height":872,"caption":"GYS NOTICIAS |"},"image":{"@id":"https:\/\/gysfm.com.ar\/inicio\/#\/schema\/logo\/image\/"}},{"@type":"Person","@id":"https:\/\/gysfm.com.ar\/inicio\/#\/schema\/person\/3abba7593ef2ad19e1be221d54383dc5","name":"Prensa G&amp;S FM","image":{"@type":"ImageObject","inLanguage":"es","@id":"https:\/\/gysfm.com.ar\/inicio\/#\/schema\/person\/image\/","url":"https:\/\/secure.gravatar.com\/avatar\/096ec78df02049ab018702bb4ccedf659377fa92a26540b5247612077a0dbd29?s=96&d=mm&r=g","contentUrl":"https:\/\/secure.gravatar.com\/avatar\/096ec78df02049ab018702bb4ccedf659377fa92a26540b5247612077a0dbd29?s=96&d=mm&r=g","caption":"Prensa G&amp;S FM"},"sameAs":["https:\/\/gysfm.com.ar\/"],"url":"https:\/\/gysfm.com.ar\/inicio\/author\/lucasm\/"}]}},"_links":{"self":[{"href":"https:\/\/gysfm.com.ar\/inicio\/wp-json\/wp\/v2\/posts\/138538","targetHints":{"allow":["GET"]}}],"collection":[{"href":"https:\/\/gysfm.com.ar\/inicio\/wp-json\/wp\/v2\/posts"}],"about":[{"href":"https:\/\/gysfm.com.ar\/inicio\/wp-json\/wp\/v2\/types\/post"}],"author":[{"embeddable":true,"href":"https:\/\/gysfm.com.ar\/inicio\/wp-json\/wp\/v2\/users\/2"}],"replies":[{"embeddable":true,"href":"https:\/\/gysfm.com.ar\/inicio\/wp-json\/wp\/v2\/comments?post=138538"}],"version-history":[{"count":0,"href":"https:\/\/gysfm.com.ar\/inicio\/wp-json\/wp\/v2\/posts\/138538\/revisions"}],"wp:featuredmedia":[{"embeddable":true,"href":"https:\/\/gysfm.com.ar\/inicio\/wp-json\/wp\/v2\/media\/138539"}],"wp:attachment":[{"href":"https:\/\/gysfm.com.ar\/inicio\/wp-json\/wp\/v2\/media?parent=138538"}],"wp:term":[{"taxonomy":"category","embeddable":true,"href":"https:\/\/gysfm.com.ar\/inicio\/wp-json\/wp\/v2\/categories?post=138538"},{"taxonomy":"post_tag","embeddable":true,"href":"https:\/\/gysfm.com.ar\/inicio\/wp-json\/wp\/v2\/tags?post=138538"}],"curies":[{"name":"wp","href":"https:\/\/api.w.org\/{rel}","templated":true}]}}